{"id":216315,"date":"2022-01-11T19:16:32","date_gmt":"2022-01-11T18:16:32","guid":{"rendered":"https:\/\/www.cronacaonline.it\/?p=216315"},"modified":"2022-01-11T19:16:34","modified_gmt":"2022-01-11T18:16:34","slug":"consiglio-sardegna-domani-alle-11-il-consiglio-regionale-vota-i-tre-grandi-elettori-per-il-quirinale","status":"publish","type":"post","link":"https:\/\/www.cronacaonline.it\/index.php\/2022\/01\/11\/consiglio-sardegna-domani-alle-11-il-consiglio-regionale-vota-i-tre-grandi-elettori-per-il-quirinale\/","title":{"rendered":"Consiglio Sardegna: Domani alle 11 il Consiglio regionale vota i tre grandi elettori per il Quirinale."},"content":{"rendered":"\n<p>Cagliari, 11 Gen 2022 \u2013 Il Consiglio regionale si riunisce domani alle 11 con all\u2019ordine del giorno l\u2019elezione dei tre \u201cgrandi elettori\u201d che parteciperanno, dal 24 gennaio a Roma, alle votazioni per il nuovo Presidente della Repubblica.<\/p>\n\n\n\n<p>Questo pomeriggio nella Conferenza dei Capigruppo il Presidente Pais ha ricordato le modalit\u00e0 delle votazioni che si svolgeranno a scrutinio segreto. Ogni consigliere potr\u00e0 indicare due preferenze.<\/p>\n\n\n\n<p>Nella Conferenza dei Capigruppo \u00e8 emerso che non ci sono accordi di nessun genere e si voter\u00e0 in piena libert\u00e0. Com<\/p>\n","protected":false},"excerpt":{"rendered":"<p>Cagliari, 11 Gen 2022 \u2013 Il Consiglio regionale si riunisce domani alle 11 con all\u2019ordine del giorno l\u2019elezione dei tre \u201cgrandi elettori\u201d che parteciperanno, dal&#8230;<\/p>\n","protected":false},"author":2,"featured_media":213512,"comment_status":"closed","ping_status":"open","sticky":false,"template":"","format":"standard","meta":[],"categories":[49,52],"tags":[],"_links":{"self":[{"href":"https:\/\/www.cronacaonline.it\/index.php\/wp-json\/wp\/v2\/posts\/216315"}],"collection":[{"href":"https:\/\/www.cronacaonline.it\/index.php\/wp-json\/wp\/v2\/posts"}],"about":[{"href":"https:\/\/www.cronacaonline.it\/index.php\/wp-json\/wp\/v2\/types\/post"}],"author":[{"embeddable":true,"href":"https:\/\/www.cronacaonline.it\/index.php\/wp-json\/wp\/v2\/users\/2"}],"replies":[{"embeddable":true,"href":"https:\/\/www.cronacaonline.it\/index.php\/wp-json\/wp\/v2\/comments?post=216315"}],"version-history":[{"count":1,"href":"https:\/\/www.cronacaonline.it\/index.php\/wp-json\/wp\/v2\/posts\/216315\/revisions"}],"predecessor-version":[{"id":216317,"href":"https:\/\/www.cronacaonline.it\/index.php\/wp-json\/wp\/v2\/posts\/216315\/revisions\/216317"}],"wp:featuredmedia":[{"embeddable":true,"href":"https:\/\/www.cronacaonline.it\/index.php\/wp-json\/wp\/v2\/media\/213512"}],"wp:attachment":[{"href":"https:\/\/www.cronacaonline.it\/index.php\/wp-json\/wp\/v2\/media?parent=216315"}],"wp:term":[{"taxonomy":"category","embeddable":true,"href":"https:\/\/www.cronacaonline.it\/index.php\/wp-json\/wp\/v2\/categories?post=216315"},{"taxonomy":"post_tag","embeddable":true,"href":"https:\/\/www.cronacaonline.it\/index.php\/wp-json\/wp\/v2\/tags?post=216315"}],"curies":[{"name":"wp","href":"https:\/\/api.w.org\/{rel}","templated":true}]}}