{"id":216309,"date":"2022-01-11T18:24:55","date_gmt":"2022-01-11T17:24:55","guid":{"rendered":"https:\/\/www.cronacaonline.it\/?p=216309"},"modified":"2022-01-11T18:25:00","modified_gmt":"2022-01-11T17:25:00","slug":"sanita-mura-pd-ascoltare-appello-da-aree-interne-sardegna","status":"publish","type":"post","link":"https:\/\/www.cronacaonline.it\/index.php\/2022\/01\/11\/sanita-mura-pd-ascoltare-appello-da-aree-interne-sardegna\/","title":{"rendered":"Sanit\u00e0: Mura (Pd), ascoltare appello da aree interne Sardegna."},"content":{"rendered":"\n<p>Cagliari, 11 Gen 2022 - \u201cBisogna ascoltare il grido di dolore che sale dalle aree interne della nostra isola. L'Ogliastra, il Sarcidano, il Goceano e altre terre patiscono difficolt\u00e0 per ragioni morfologiche, economiche e sociali: non devono essere penalizzate anche nel diritto ad avere servizi sanitari dignitosi, al pari di altre aree della Sardegna, se non del Paese.<\/p>\n\n\n\n<p>L'appello dei comitati che si sono costituiti per chiedere il rispetto minimo di quanto garantito dalla Costituzione, per quanto mi riguarda, non cadr\u00e0 nel vuoto. Ho gi\u00e0 espresso le mie convinzioni sulla situazione della sanit\u00e0 nella nostra Regione e ribadisco che i territori pi\u00f9 deboli devono essere rafforzati, partendo dalla definizione dei livelli essenziali delle prestazioni e dei servizi. Il parametro dei bisogni e dell\u2019equit\u00e0 deve venire prima di altri.<\/p>\n\n\n\n<p>Comprendo molto bene l\u2019esasperazione di chi si sente abbandonato, e non dimentico che la competenza primaria della Regione autonoma dovrebbe essere a servizio di tutti i sardi allo stesso modo, altrimenti la nostra specialit\u00e0 non serve a niente. Per quanto mi compete, non lascer\u00f2 nulla di intentato e depositer\u00f2 un'interrogazione al Ministro della Salute affinch\u00e9 valuti come intervenire in questa vera e propria emergenza\u201d.<\/p>\n\n\n\n<p>Lo dichiara in una nota la presidente della commissione Lavoro della Camera Romina Mura (Pd), rispondendo all'appello dei comitati e delle associazioni per la difesa della sanit\u00e0 nella Sardegna centrale, che hanno chiesto alla Regione e al Governo di proclamare lo stato di emergenza sanitaria nelle aree interne dell'isola. Red<\/p>\n","protected":false},"excerpt":{"rendered":"<p>Cagliari, 11 Gen 2022 &#8211; \u201cBisogna ascoltare il grido di dolore che sale dalle aree interne della nostra isola. L&#8217;Ogliastra, il Sarcidano, il Goceano e&#8230;<\/p>\n","protected":false},"author":2,"featured_media":211152,"comment_status":"closed","ping_status":"open","sticky":false,"template":"","format":"standard","meta":[],"categories":[49,52],"tags":[],"_links":{"self":[{"href":"https:\/\/www.cronacaonline.it\/index.php\/wp-json\/wp\/v2\/posts\/216309"}],"collection":[{"href":"https:\/\/www.cronacaonline.it\/index.php\/wp-json\/wp\/v2\/posts"}],"about":[{"href":"https:\/\/www.cronacaonline.it\/index.php\/wp-json\/wp\/v2\/types\/post"}],"author":[{"embeddable":true,"href":"https:\/\/www.cronacaonline.it\/index.php\/wp-json\/wp\/v2\/users\/2"}],"replies":[{"embeddable":true,"href":"https:\/\/www.cronacaonline.it\/index.php\/wp-json\/wp\/v2\/comments?post=216309"}],"version-history":[{"count":1,"href":"https:\/\/www.cronacaonline.it\/index.php\/wp-json\/wp\/v2\/posts\/216309\/revisions"}],"predecessor-version":[{"id":216310,"href":"https:\/\/www.cronacaonline.it\/index.php\/wp-json\/wp\/v2\/posts\/216309\/revisions\/216310"}],"wp:featuredmedia":[{"embeddable":true,"href":"https:\/\/www.cronacaonline.it\/index.php\/wp-json\/wp\/v2\/media\/211152"}],"wp:attachment":[{"href":"https:\/\/www.cronacaonline.it\/index.php\/wp-json\/wp\/v2\/media?parent=216309"}],"wp:term":[{"taxonomy":"category","embeddable":true,"href":"https:\/\/www.cronacaonline.it\/index.php\/wp-json\/wp\/v2\/categories?post=216309"},{"taxonomy":"post_tag","embeddable":true,"href":"https:\/\/www.cronacaonline.it\/index.php\/wp-json\/wp\/v2\/tags?post=216309"}],"curies":[{"name":"wp","href":"https:\/\/api.w.org\/{rel}","templated":true}]}}