{"id":216305,"date":"2022-01-11T14:38:53","date_gmt":"2022-01-11T13:38:53","guid":{"rendered":"https:\/\/www.cronacaonline.it\/?p=216305"},"modified":"2022-01-11T14:38:54","modified_gmt":"2022-01-11T13:38:54","slug":"commissione-governo-del-territorio-rinviata-a-martedi-prossimo-18-gennaio-la-seduta-sulla-finanziaria","status":"publish","type":"post","link":"https:\/\/www.cronacaonline.it\/index.php\/2022\/01\/11\/commissione-governo-del-territorio-rinviata-a-martedi-prossimo-18-gennaio-la-seduta-sulla-finanziaria\/","title":{"rendered":"Commissione Governo del territorio: rinviata a marted\u00ec prossimo 18 gennaio la seduta sulla Finanziaria."},"content":{"rendered":"\n<p>Cagliari, 11 Gen 2022 \u2013 Rinviata la riunione della commissione Governo del territorio dedicata all\u2019esame della legge Finanziaria. La seduta, programmata per domani (mercoled\u00ec 12) si terr\u00e0 marted\u00ec prossimo 18 gennaio alle 16.00 con lo stesso ordine del giorno: previste le audizioni degli assessori Giorgio Todde (Trasporti), Gianni Lampis (Ambiente), Aldo Salaris (Lavori Pubblici) e Quirico Sanna (Enti Locali e Urbanistica). Com<\/p>\n","protected":false},"excerpt":{"rendered":"<p>Cagliari, 11 Gen 2022 \u2013 Rinviata la riunione della commissione Governo del territorio dedicata all\u2019esame della legge Finanziaria. La seduta, programmata per domani (mercoled\u00ec 12)&#8230;<\/p>\n","protected":false},"author":2,"featured_media":192510,"comment_status":"closed","ping_status":"open","sticky":false,"template":"","format":"standard","meta":[],"categories":[49,52],"tags":[],"_links":{"self":[{"href":"https:\/\/www.cronacaonline.it\/index.php\/wp-json\/wp\/v2\/posts\/216305"}],"collection":[{"href":"https:\/\/www.cronacaonline.it\/index.php\/wp-json\/wp\/v2\/posts"}],"about":[{"href":"https:\/\/www.cronacaonline.it\/index.php\/wp-json\/wp\/v2\/types\/post"}],"author":[{"embeddable":true,"href":"https:\/\/www.cronacaonline.it\/index.php\/wp-json\/wp\/v2\/users\/2"}],"replies":[{"embeddable":true,"href":"https:\/\/www.cronacaonline.it\/index.php\/wp-json\/wp\/v2\/comments?post=216305"}],"version-history":[{"count":1,"href":"https:\/\/www.cronacaonline.it\/index.php\/wp-json\/wp\/v2\/posts\/216305\/revisions"}],"predecessor-version":[{"id":216306,"href":"https:\/\/www.cronacaonline.it\/index.php\/wp-json\/wp\/v2\/posts\/216305\/revisions\/216306"}],"wp:featuredmedia":[{"embeddable":true,"href":"https:\/\/www.cronacaonline.it\/index.php\/wp-json\/wp\/v2\/media\/192510"}],"wp:attachment":[{"href":"https:\/\/www.cronacaonline.it\/index.php\/wp-json\/wp\/v2\/media?parent=216305"}],"wp:term":[{"taxonomy":"category","embeddable":true,"href":"https:\/\/www.cronacaonline.it\/index.php\/wp-json\/wp\/v2\/categories?post=216305"},{"taxonomy":"post_tag","embeddable":true,"href":"https:\/\/www.cronacaonline.it\/index.php\/wp-json\/wp\/v2\/tags?post=216305"}],"curies":[{"name":"wp","href":"https:\/\/api.w.org\/{rel}","templated":true}]}}