{"id":216303,"date":"2022-01-11T14:37:04","date_gmt":"2022-01-11T13:37:04","guid":{"rendered":"https:\/\/www.cronacaonline.it\/?p=216303"},"modified":"2022-01-11T14:37:06","modified_gmt":"2022-01-11T13:37:06","slug":"consiglio-sardegna-finanziaria-prime-audizioni-in-commissione-schirru-dalle-parti-sociali-utili-spunti-di-riflessione","status":"publish","type":"post","link":"https:\/\/www.cronacaonline.it\/index.php\/2022\/01\/11\/consiglio-sardegna-finanziaria-prime-audizioni-in-commissione-schirru-dalle-parti-sociali-utili-spunti-di-riflessione\/","title":{"rendered":"Consiglio Sardegna &#8211; Finanziaria, prime audizioni in Commissione. Schirru: dalle parti sociali utili spunti di riflessione."},"content":{"rendered":"\n<p>Cagliari, 11 Gen 2022 - \u201cSulle professioni sanitarie, sui centri commerciali naturali, sulla internalizzazione delle imprese e non solo le parti sociali hanno fornito spunti interessanti per migliorare la manovra finanziaria. Sono convinto che i commissari ne terranno conto, in vista del passaggio in Aula del provvedimento\u201d.<\/p>\n\n\n\n<p>Lo ha detto Stefano Schirru, presidente del parlamentino al termine del primo ciclo di audizioni in commissione Bilancio per l\u2019esame della manovra finanziaria. Le audizioni proseguiranno domani pomeriggio con i rappresentanti del mondo del credito, delle terzo settore e dell\u2019Universit\u00e0. Questa mattina \u00e8 stata la volta dei sindacati, delle organizzazioni dell\u2019impresa e del commercio. Per la Confsal Elia Pili ha insistito sulla necessit\u00e0 che \u201csia eliminato il numero chiuso in Medicina\u201d e che sia \u201cefficace il sostegno alle imprese e non contributi a fondo perduto\u201d. Per la Cgil il segretario Samuele Piddiu ha denunciato \u201cl\u2019assenza sistematica di confronto tra il presidente della Regione, la Giunta e le parti sociali. Abbiamo incontrato Solinas una volta sola\u201d. Poi ha aggiunto: \u201cQuesta \u00e8 tutto tranne che una manovra politica perch\u00e9 tutto fa tranne che rappresentare un disegno per la Sardegna, nonostante le risorse non manchino. In lavoro poi \u00e8 il grande assente in questa vostra rappresentazione. Non c\u2019\u00e8 nessuna forma di premialit\u00e0 verso le aziende virtuose\u201d.<\/p>\n\n\n\n<p>Per le imprese ha parlato per primo Giorgio Del Piano, in rappresentanza di Confapi, secondo cui \u201cper combattere lo spopolamento delle zone interne \u00e8 necessario soprattutto realizzare infrastrutture\u201d. Del Piano ha chiesto anche sostegno per l\u2019internazionalizzazione delle imprese sarde, per la quali \u201cla pandemia ha rappresentato uno stop alle relazioni commerciali avviate\u201d.<\/p>\n\n\n\n<p>Daniele Serra di Confartigianato ha chiesto pi\u00f9 risorse per la legge di settore: \u201cQuelle stanziate sono insufficienti visto che a marzo scorso avevamo gi\u00e0 presentato 900 domande\u201d. Invece, per Confesercenti Roberto Bolognese ha elogiato la manovra nella parte in cui stanzia 30 milioni di euro come contributo per la categoria. \u201cNon era mai capitato di ricevere un intervento cos\u00ec importante anche se facendo bene i conti si tratter\u00e0 di destinarli a circa 800 partite iva. Sar\u00e0 soprattutto necessario ripetere negli anni prossimi lo stanziamento\u201d. Bolognese ha chiesto alla commissione Bilancio un intervento finanziario per i centri commerciali naturali, \u201cla vera risposta ai centri commerciali artificiali di internet\u201d e ha ricordato che \u201cogni giorno nell\u2019Isola 4 attivit\u00e0 commerciali chiudono\u201d. A nome di Confcommercio Sara Pintus ha ribadito la richiesta sui centri commerciali naturali e ha aggiunto: \u201cSe non ci sono servizi, nessuno rimane nelle zone interne\u201d.<\/p>\n\n\n\n<p>Per il mondo dell\u2019agricoltura Maurizio Onorato (Confagricoltura) ha sollecitato \u201cla rapida approvazione della manovra per evitare un altro mese di esercizio provvisorio\u201d e ha chiesto inoltre \u201crisorse per la ricerca in agricoltura, per prevenire i danni alle colture e non intervenire troppo tardi\u201d. Pietro Tandeddu (Coopagri) ha evidenziato che nel bilanci dell\u2019agricoltura ci sono 230 milioni di euro ma di questi 40 vanno al funzionamento dei consorzi e 120 agli stipendi delle agenzie agricole pubbliche. Sono questi i numeri che dobbiamo realmente considerare per capire come misurare gli investimenti della Regione nell\u2019agricoltura\u201d. Parole condivise anche dalla Coldiretti, che con Luca Saba ha chiamato in causa anche \u201cil peso della burocrazia, che condiziona in modo severe e definitivo le scelte della politica\u201d.<\/p>\n\n\n\n<p>Per il mondo delle professioni l\u2019avvocato Susanna Pisano (Conprofessioni) ha parlato tra l\u2019altro della \u201cmancanza di professionisti nel mondo sanitario\u201d chiedendo alla Regione un intervento incisivo mentre per la Cna Francesco Porcu ha denunciato la mancata interlocuzione tra il mondo degli artigiani e la Giunta regionale nella fase preparatoria della manovra. A proposto delle misure di contrasto allo spopolamento delle zone interne Porcu ha segnalato il fatto che \u201cnon tutti i Comuni sotto i tremila abitanti hanno una uguale scala di disagio\u201d.<\/p>\n\n\n\n<p>Per Legacoop il presidente Claudio Atzori ha parlato apertamente della \u201cnecessit\u00e0 che finiscano gli aiuti emergenziali a fronte di investimenti veri e propri. Notiamo invece che le misure a favore delle coop sono inalterate, nonostante in questi anni la cooperazione sarda abbia mantenuto i livelli occupativi e sia pure cresciuta, specie nel sociale e nel sociosanitario\u201d. Anche Fabio Onnis di Confcoop ha detto che \u201cla cooperazione \u00e8 ormai presente in tutti i settori produttivi della Sardegna ed \u00e8 necessaria una nuova legge di riordino del settore.<\/p>\n\n\n\n<p>Le audizioni proseguiranno domani dalle 16. Com<\/p>\n","protected":false},"excerpt":{"rendered":"<p>Cagliari, 11 Gen 2022 &#8211; \u201cSulle professioni sanitarie, sui centri commerciali naturali, sulla internalizzazione delle imprese e non solo le parti sociali hanno fornito spunti&#8230;<\/p>\n","protected":false},"author":2,"featured_media":192512,"comment_status":"closed","ping_status":"open","sticky":false,"template":"","format":"standard","meta":[],"categories":[49,52],"tags":[],"_links":{"self":[{"href":"https:\/\/www.cronacaonline.it\/index.php\/wp-json\/wp\/v2\/posts\/216303"}],"collection":[{"href":"https:\/\/www.cronacaonline.it\/index.php\/wp-json\/wp\/v2\/posts"}],"about":[{"href":"https:\/\/www.cronacaonline.it\/index.php\/wp-json\/wp\/v2\/types\/post"}],"author":[{"embeddable":true,"href":"https:\/\/www.cronacaonline.it\/index.php\/wp-json\/wp\/v2\/users\/2"}],"replies":[{"embeddable":true,"href":"https:\/\/www.cronacaonline.it\/index.php\/wp-json\/wp\/v2\/comments?post=216303"}],"version-history":[{"count":1,"href":"https:\/\/www.cronacaonline.it\/index.php\/wp-json\/wp\/v2\/posts\/216303\/revisions"}],"predecessor-version":[{"id":216304,"href":"https:\/\/www.cronacaonline.it\/index.php\/wp-json\/wp\/v2\/posts\/216303\/revisions\/216304"}],"wp:featuredmedia":[{"embeddable":true,"href":"https:\/\/www.cronacaonline.it\/index.php\/wp-json\/wp\/v2\/media\/192512"}],"wp:attachment":[{"href":"https:\/\/www.cronacaonline.it\/index.php\/wp-json\/wp\/v2\/media?parent=216303"}],"wp:term":[{"taxonomy":"category","embeddable":true,"href":"https:\/\/www.cronacaonline.it\/index.php\/wp-json\/wp\/v2\/categories?post=216303"},{"taxonomy":"post_tag","embeddable":true,"href":"https:\/\/www.cronacaonline.it\/index.php\/wp-json\/wp\/v2\/tags?post=216303"}],"curies":[{"name":"wp","href":"https:\/\/api.w.org\/{rel}","templated":true}]}}