{"id":216294,"date":"2022-01-11T07:54:33","date_gmt":"2022-01-11T06:54:33","guid":{"rendered":"https:\/\/www.cronacaonline.it\/?p=216294"},"modified":"2022-01-11T07:54:35","modified_gmt":"2022-01-11T06:54:35","slug":"nella-notte-morto-il-presidente-del-parlamento-europeo-david-sassoli-la-notizia-in-un-tweet-del-portavoce-roberto-cuillo","status":"publish","type":"post","link":"https:\/\/www.cronacaonline.it\/index.php\/2022\/01\/11\/nella-notte-morto-il-presidente-del-parlamento-europeo-david-sassoli-la-notizia-in-un-tweet-del-portavoce-roberto-cuillo\/","title":{"rendered":"Nella notte morto il presidente del Parlamento europeo, David Sassoli. La notizia in un tweet del portavoce, Roberto Cuillo."},"content":{"rendered":"\n<p>Cagliari, 11 Gen 2022 - David Sassoli \u00e8 deceduto alle 1.15 al Cro di Aviano dove era ricoverato in ospedale. Data e luogo dei funerali saranno comunicati nelle prossime ore\", ha scritto il portavoce Roberto Cuillo.<\/p>\n\n\n\n<p>Sassoli era ricoverato dal 26 dicembre per il sopraggiungere di una&nbsp;grave complicanza dovuta a una disfunzione del sistema immunitario. Gi\u00e0 lo scorso anno, il Presidente aveva cancellato gli appuntamenti dal mese di settembre fino a inizio novembre - a causa di una \"brutta\" polmonite dovuta al batterio della legionella - come lui stesso aveva spiegato in un video pubblicato dopo la guarigione.<\/p>\n\n\n\n<p>Lo scorso 15 settembre era stato ricoverato all'Hopital Civic di Strasburgo per una \"brutta\"&nbsp;polmonite da legionella, sebbene apparisse in \"buone condizioni\". Dopo una settimana era stato dimesso ed era rientrato in Italia per continuare le cure nel proprio Paese. La convalescenza, per Sassoli, si era rivelata per\u00f2 lunga costringendolo a seguire da remoto le riunioni dell'Europarlamento per l'intero mese di ottobre. Solo all'inizio di novembre annunci\u00f2 il rientro alla vita politica tornando a presiedere in presenza la plenaria alla fine del mese. Poi la ricaduta.<\/p>\n\n\n\n<p>Sassoli \u00e8 stato il&nbsp;secondo presidente italiano del Parlamento Europeo&nbsp;dopo Antonio Tajani da quando l'assemblea di Strasburgo viene eletta a suffragio universale. Il suo incarico sarebbe scaduto a giorni.<\/p>\n\n\n\n<p>\"Si \u00e8 battuto per riavvicinare il Parlamento Europeo agli europei, ha detto il portavoce. Sassoli era un nativo democratico e ha cercato sempre di rappresentare questa identit\u00e0 nuova al Paese. Credeva fortemente nell'allargamento del fronte progressista anche su basi nuove politiche, culturali e sociali\".<\/p>\n\n\n\n<p>Era il 3 luglio del 2019. \"Dobbiamo avere la forza di rilanciare il nostro processo di integrazione, cambiando la nostra unione per renderla capace di rispondere in modo pi\u00f9 forte alle esigenze dei nostri cittadini e per dare risposte vere alle loro preoccupazioni, al loro sempre pi\u00f9 diffuso senso di smarrimento. La difesa e la promozione dei nostri valori fondanti di libert\u00e0, dignit\u00e0 e solidariet\u00e0 deve essere perseguita ogni giorno dentro e fuori l'Ue\", erano state - tra le altre - le parole di David Sassoli.<\/p>\n","protected":false},"excerpt":{"rendered":"<p>Cagliari, 11 Gen 2022 &#8211; David Sassoli \u00e8 deceduto alle 1.15 al Cro di Aviano dove era ricoverato in ospedale. Data e luogo dei funerali&#8230;<\/p>\n","protected":false},"author":2,"featured_media":176325,"comment_status":"closed","ping_status":"open","sticky":false,"template":"","format":"standard","meta":[],"categories":[49,50],"tags":[],"_links":{"self":[{"href":"https:\/\/www.cronacaonline.it\/index.php\/wp-json\/wp\/v2\/posts\/216294"}],"collection":[{"href":"https:\/\/www.cronacaonline.it\/index.php\/wp-json\/wp\/v2\/posts"}],"about":[{"href":"https:\/\/www.cronacaonline.it\/index.php\/wp-json\/wp\/v2\/types\/post"}],"author":[{"embeddable":true,"href":"https:\/\/www.cronacaonline.it\/index.php\/wp-json\/wp\/v2\/users\/2"}],"replies":[{"embeddable":true,"href":"https:\/\/www.cronacaonline.it\/index.php\/wp-json\/wp\/v2\/comments?post=216294"}],"version-history":[{"count":1,"href":"https:\/\/www.cronacaonline.it\/index.php\/wp-json\/wp\/v2\/posts\/216294\/revisions"}],"predecessor-version":[{"id":216295,"href":"https:\/\/www.cronacaonline.it\/index.php\/wp-json\/wp\/v2\/posts\/216294\/revisions\/216295"}],"wp:featuredmedia":[{"embeddable":true,"href":"https:\/\/www.cronacaonline.it\/index.php\/wp-json\/wp\/v2\/media\/176325"}],"wp:attachment":[{"href":"https:\/\/www.cronacaonline.it\/index.php\/wp-json\/wp\/v2\/media?parent=216294"}],"wp:term":[{"taxonomy":"category","embeddable":true,"href":"https:\/\/www.cronacaonline.it\/index.php\/wp-json\/wp\/v2\/categories?post=216294"},{"taxonomy":"post_tag","embeddable":true,"href":"https:\/\/www.cronacaonline.it\/index.php\/wp-json\/wp\/v2\/tags?post=216294"}],"curies":[{"name":"wp","href":"https:\/\/api.w.org\/{rel}","templated":true}]}}