{"id":216290,"date":"2022-01-10T16:58:34","date_gmt":"2022-01-10T15:58:34","guid":{"rendered":"https:\/\/www.cronacaonline.it\/?p=216290"},"modified":"2022-01-10T16:58:36","modified_gmt":"2022-01-10T15:58:36","slug":"ambiente-assessore-lampis-800mila-euro-nel-triennio-2021-2023-per-contrastare-linvasione-delle-cavallette","status":"publish","type":"post","link":"https:\/\/www.cronacaonline.it\/index.php\/2022\/01\/10\/ambiente-assessore-lampis-800mila-euro-nel-triennio-2021-2023-per-contrastare-linvasione-delle-cavallette\/","title":{"rendered":"Ambiente, assessore Lampis: \u2018800mila euro nel triennio 2021-2023 per contrastare l\u2019invasione delle cavallette\u2019."},"content":{"rendered":"\n<p>Cagliari, 10 Gen 2021\u00a0\u2013 \u201cDa qualche anno, in alcune zone della Sardegna centrale, a causa dell'invasione delle cavallette, si registrano ingenti danni alle coltivazioni, in particolare alle colture cerealicole, ma anche a quelle foraggere, funzionali al sostentamento degli animali del settore zootecnico. Nonostante il problema ricopra carattere pi\u00f9 strettamente agricolo, sono presenti aspetti anche di carattere ambientale legati alla massiva diffusione dell'infestazione, agli habitat di insediamento e ai campi di intervento\u201d. Lo ha detto l'assessore regionale della Difesa dell'ambiente, Gianni Lampis, dopo l\u2019approvazione della delibera che stanzia 800mila euro (500mila per il 2021, 200mila per il 2022 e 100mila per il 2023) per la pianificazione e l\u2019attuazione delle misure di contenimento e di contrasto alla diffusione del fenomeno delle infestazioni acridiche in Sardegna. Della spesa complessiva, una quota di 300mila euro \u00e8 destinata alla predisposizione di un Piano per le attivit\u00e0 di studio, monitoraggio, prevenzione e contrasto alla diffusione del fenomeno e al supporto delle attivit\u00e0. L'agenzia Laore ha rilevato la presenza di questo parassita principalmente nella Provincia di Nuoro, nei territori di Ottana, Noragugume, Sedilo, Silanus, Orotelli e Bolotana.<\/p>\n\n\n\n<p>\u201cGi\u00e0 nel 2020, la Regione \u00e8 intervenuta con 400mila euro per gli indennizzi dovuti ai danni causati dall'invasione \u2013 ha aggiunto l\u2019assessore Lampis \u2013 Per un'azione di contrasto comune e coordinata \u00e8 opportuno il coinvolgimento del Tavolo tecnico regionale (composto da Corpo forestale, Agris e Laore, Assessorato dell'Agricoltura, Universit\u00e0 di Sassari e Province) e la Regione deve dotarsi di un Piano di durata pluriennale, che contempli azioni inerenti a pratiche agricole mirate, attuate da soggetti pubblici e privati, nonch\u00e9 un\u2019attivit\u00e0 di studio e monitoraggio funzionale alla conoscenza del fenomeno e alla predisposizione di una banca dati, azioni di istruzione degli operatori e di diffusione delle conoscenze e delle informazioni\u201d.<\/p>\n\n\n\n<p>Finora, \u00e8 stato definito un documento di Linee guida, propedeutico alla redazione del Piano, sotto la supervisione scientifica dell'Universit\u00e0 di Sassari e con il coinvolgimento di Laore e delle imprese agricole del territorio: \u201cIl documento, individuando nella mancanza di studi recenti la prima lacuna da colmare, registra la necessit\u00e0 di un monitoraggio per l'individuazione delle aree infestate e per la valutazione dell'ortotterofauna nel suo complesso e degli antagonisti naturali delle specie infestanti, oltre a interventi di riequilibrio dell'entomofauna utile, a un campionamento su aree pilota, ad attivit\u00e0 di lotta con mezzi agronomici, fisici, chimici e biologici, in campo e in laboratorio, al trasferimento delle conoscenze acquisite al personale tecnico degli enti regionali e alla divulgazione ad amministrazioni locali, scuole, cittadini e operatori del settore agricolo. Inoltre, \u00e8 da valutare l'attivazione di un eventuale regime di aiuti a compensazione dei costi per le misure di contenimento a carico dei privati e per l'eventuale ristoro dei danni subiti dalle aziende agricole\u201d, ha concluso l\u2019esponente della Giunta Solinas. Com<\/p>\n","protected":false},"excerpt":{"rendered":"<p>Cagliari, 10 Gen 2021\u00a0\u2013 \u201cDa qualche anno, in alcune zone della Sardegna centrale, a causa dell&#8217;invasione delle cavallette, si registrano ingenti danni alle coltivazioni, in&#8230;<\/p>\n","protected":false},"author":2,"featured_media":208525,"comment_status":"closed","ping_status":"open","sticky":false,"template":"","format":"standard","meta":[],"categories":[49,52],"tags":[],"_links":{"self":[{"href":"https:\/\/www.cronacaonline.it\/index.php\/wp-json\/wp\/v2\/posts\/216290"}],"collection":[{"href":"https:\/\/www.cronacaonline.it\/index.php\/wp-json\/wp\/v2\/posts"}],"about":[{"href":"https:\/\/www.cronacaonline.it\/index.php\/wp-json\/wp\/v2\/types\/post"}],"author":[{"embeddable":true,"href":"https:\/\/www.cronacaonline.it\/index.php\/wp-json\/wp\/v2\/users\/2"}],"replies":[{"embeddable":true,"href":"https:\/\/www.cronacaonline.it\/index.php\/wp-json\/wp\/v2\/comments?post=216290"}],"version-history":[{"count":1,"href":"https:\/\/www.cronacaonline.it\/index.php\/wp-json\/wp\/v2\/posts\/216290\/revisions"}],"predecessor-version":[{"id":216291,"href":"https:\/\/www.cronacaonline.it\/index.php\/wp-json\/wp\/v2\/posts\/216290\/revisions\/216291"}],"wp:featuredmedia":[{"embeddable":true,"href":"https:\/\/www.cronacaonline.it\/index.php\/wp-json\/wp\/v2\/media\/208525"}],"wp:attachment":[{"href":"https:\/\/www.cronacaonline.it\/index.php\/wp-json\/wp\/v2\/media?parent=216290"}],"wp:term":[{"taxonomy":"category","embeddable":true,"href":"https:\/\/www.cronacaonline.it\/index.php\/wp-json\/wp\/v2\/categories?post=216290"},{"taxonomy":"post_tag","embeddable":true,"href":"https:\/\/www.cronacaonline.it\/index.php\/wp-json\/wp\/v2\/tags?post=216290"}],"curies":[{"name":"wp","href":"https:\/\/api.w.org\/{rel}","templated":true}]}}