{"id":216286,"date":"2022-01-10T16:09:42","date_gmt":"2022-01-10T15:09:42","guid":{"rendered":"https:\/\/www.cronacaonline.it\/?p=216286"},"modified":"2022-01-10T16:09:44","modified_gmt":"2022-01-10T15:09:44","slug":"turismo-assessore-chessa-non-solo-isola-dello-sport-anche-la-cultura-indispensabile-per-rilanciare-il-sistema-produttivo-isolano","status":"publish","type":"post","link":"https:\/\/www.cronacaonline.it\/index.php\/2022\/01\/10\/turismo-assessore-chessa-non-solo-isola-dello-sport-anche-la-cultura-indispensabile-per-rilanciare-il-sistema-produttivo-isolano\/","title":{"rendered":"Turismo, assessore Chessa: &#8221; non solo isola dello sport, anche la cultura indispensabile per rilanciare il sistema produttivo isolano&#8221;."},"content":{"rendered":"\n<p>Cagliari, 10 Gen 2021\u00a0\u2013 \u201cNonostante il perdurare dell\u2019emergenza sanitaria, prosegue la programmazione della Regione per la promozione turistica dell\u2019Isola. Perci\u00f2, ho accettato di incontrare i rappresentanti dei maggiori festival jazz che da anni si svolgono in Sardegna, condividendo con loro l\u2019opportunit\u00e0 di realizzare un progetto di crescita anche in quel settore, con l\u2019obiettivo di promuovere il territorio attraverso il grande jazz, puntando a intercettare i tanti appassionati e a costruire uno strumento di richiamo turistico anche in ambito internazionale\u201d. Lo ha detto l\u2019assessore regionale del Turismo, Gianni Chessa, al termine dell\u2019incontro di questa mattina, durante il quale si \u00e8 parlato del progetto \u201cSardegna isola del jazz\u201d.\u00a0<\/p>\n\n\n\n<p>\u201cAnche la cultura rappresenta un mercato che la Sardegna non pu\u00f2 e non deve sottovalutare, soprattutto perch\u00e9 pu\u00f2 contribuire alla destagionalizzazione dei flussi \u2013 ha aggiunto l\u2019assessore Chessa \u2013 La Regione crede fortemente in questi progetti, sulla falsariga dei grandi eventi che stanno trasformando la Sardegna nell\u2019Isola dello sport, con un importante ricaduta di presenze nel settore turistico e di vantaggi concreti per l\u2019intero sistema produttivo isolano. E\u2019 necessario valorizzare le migliori esperienze per presentare offerte di qualit\u00e0 del prodotto Sardegna\u201d.<\/p>\n\n\n\n<p>\u201c\u00c8 stata anche l\u2019occasione per ribadire alcuni concetti relativi alla sentenza del Tar sul \u2018click day\u2019 per le manifestazioni culturali e di spettacolo. La Regione, seguendo il contenuto della sentenza, dovr\u00e0 realizzare un altro bando per l\u2019assegnazione delle risorse, ma non la considero una sconfitta. Bens\u00ec, \u00e8 stata confermata la mia iniziale volont\u00e0 e la regolarit\u00e0 del primo provvedimento, poi modificato su richiesta del mondo associazionistico, che rispondeva ai criteri della legge 7 sulla promozione turistica delle manifestazioni. Il danno, purtroppo, l\u2019hanno subito le associazioni, anche quelle che hanno presentato il ricorso, perch\u00e9 c\u2019era il mio concreto impegno, destinando maggiori risorse finanziarie, a far scorrere la graduatoria, cos\u00ec da ampliare, da 33 a 65, la platea dei beneficiari del contributo. Oltre questo aspetto, restano i toni di qualche protagonista della vicenda che sono andati sopra le righe e che, visti anche i magri risultati ottenuti per l\u2019intero mondo delle associazioni, si sono rivelati inutili ed eccessivi\u201d, ha concluso l\u2019esponente della Giunta Solinas. Com<\/p>\n","protected":false},"excerpt":{"rendered":"<p>Cagliari, 10 Gen 2021\u00a0\u2013 \u201cNonostante il perdurare dell\u2019emergenza sanitaria, prosegue la programmazione della Regione per la promozione turistica dell\u2019Isola. Perci\u00f2, ho accettato di incontrare i&#8230;<\/p>\n","protected":false},"author":2,"featured_media":208838,"comment_status":"closed","ping_status":"open","sticky":false,"template":"","format":"standard","meta":[],"categories":[49,52],"tags":[],"_links":{"self":[{"href":"https:\/\/www.cronacaonline.it\/index.php\/wp-json\/wp\/v2\/posts\/216286"}],"collection":[{"href":"https:\/\/www.cronacaonline.it\/index.php\/wp-json\/wp\/v2\/posts"}],"about":[{"href":"https:\/\/www.cronacaonline.it\/index.php\/wp-json\/wp\/v2\/types\/post"}],"author":[{"embeddable":true,"href":"https:\/\/www.cronacaonline.it\/index.php\/wp-json\/wp\/v2\/users\/2"}],"replies":[{"embeddable":true,"href":"https:\/\/www.cronacaonline.it\/index.php\/wp-json\/wp\/v2\/comments?post=216286"}],"version-history":[{"count":1,"href":"https:\/\/www.cronacaonline.it\/index.php\/wp-json\/wp\/v2\/posts\/216286\/revisions"}],"predecessor-version":[{"id":216287,"href":"https:\/\/www.cronacaonline.it\/index.php\/wp-json\/wp\/v2\/posts\/216286\/revisions\/216287"}],"wp:featuredmedia":[{"embeddable":true,"href":"https:\/\/www.cronacaonline.it\/index.php\/wp-json\/wp\/v2\/media\/208838"}],"wp:attachment":[{"href":"https:\/\/www.cronacaonline.it\/index.php\/wp-json\/wp\/v2\/media?parent=216286"}],"wp:term":[{"taxonomy":"category","embeddable":true,"href":"https:\/\/www.cronacaonline.it\/index.php\/wp-json\/wp\/v2\/categories?post=216286"},{"taxonomy":"post_tag","embeddable":true,"href":"https:\/\/www.cronacaonline.it\/index.php\/wp-json\/wp\/v2\/tags?post=216286"}],"curies":[{"name":"wp","href":"https:\/\/api.w.org\/{rel}","templated":true}]}}