{"id":216282,"date":"2022-01-10T15:32:45","date_gmt":"2022-01-10T14:32:45","guid":{"rendered":"https:\/\/www.cronacaonline.it\/?p=216282"},"modified":"2022-01-10T15:32:46","modified_gmt":"2022-01-10T14:32:46","slug":"consiglio-sardegna-consiglio-e-commissioni-il-calendario-della-settimana","status":"publish","type":"post","link":"https:\/\/www.cronacaonline.it\/index.php\/2022\/01\/10\/consiglio-sardegna-consiglio-e-commissioni-il-calendario-della-settimana\/","title":{"rendered":"Consiglio Sardegna &#8211; Consiglio e commissioni: il calendario della settimana."},"content":{"rendered":"\n<p>Cagliari, 10 Gen 2022 \u2013 Dopo la pausa festiva riprende l\u2019attivit\u00e0 del Consiglio e delle commissioni permanenti. Mercoled\u00ec prossimo 12 gennaio alle 11.00 \u00e8 prevista la seduta del Consiglio nella quale dovranno essere nominati i delegati regionali della Sardegna per l\u2019elezione del Presidente della Repubblica.<\/p>\n\n\n\n<p>Dal pomeriggio del giorno precedente (la seduta \u00e8 convocata per marted\u00ec 11 alle 16.00) la commissione Bilancio, presieduta da Stefano Schirru del Psd\u2019Az, lavorer\u00e0 ai principali documenti collegati alla manovra finanziaria: il Documento di economia e finanza regionale per il triennio 2022-2024, il Dl 301 (Legge di stabilit\u00e0 2022) e il Dl 302 (Bilancio di previsione 2022-2024). Compatibilmente con i lavori dell\u2019Aula, le seduta proseguiranno nei giorni successivi. I lavori si terranno nell\u2019Aula consiliare.<\/p>\n\n\n\n<p>Mercoled\u00ec 12 alle 15.30 l\u2019assessore Alessandra Zedda riferir\u00e0 alla commissione Lavoro presieduta da Francesco Stara (Udc-Cambiamo) sulla parte di competenza della manovra finanziaria. Successivamente l\u2019assessore della Pubblica Istruzione Andrea Biancareddu illustrer\u00e0 i piani regionali per la rete scolastica e l\u2019offerta formativa per l\u2019anno 2022.<\/p>\n\n\n\n<p>Sempre mercoled\u00ec alle 15.30 la commissione Sanit\u00e0 presieduta da Antonio Mario Mundula (Fdi) sar\u00e0 impegnata sulla manovra finanziaria, a partire dalle relazioni dell\u2019assessore della Sanit\u00e0 Mario Nieddu e dell\u2019assessore Andrea Biancareddu, per le parti di competenza.<\/p>\n\n\n\n<p>Per quanto riguarda la materia sanitaria, l\u2019assessore Nieddu riferir\u00e0 anche sul Piano preliminare di riorganizzazione e riqualificazione dei servizi sanitari e sul progetto di trasformazione del presidio ospedaliero S. Francesco di Nuoro in struttura \u201ca direzione universitaria\u201d, con riferimento ai reparti di cardiologia e unit\u00e0 di terapia intensiva coronarica.<\/p>\n\n\n\n<p>Gioved\u00ec alle 15.30 la commissione Autonomia, presieduta da Pierluigi Saiu (Lega), esaminer\u00e0 la manovra finanziaria 2022-2024, che sar\u00e0 illustrata per le parti di competenza dall\u2019assessore Quirico Sanna.<\/p>\n\n\n\n<p>Sempre nel pomeriggio ma alle 16.00 la manovra finanziaria sar\u00e0 sottoposta all\u2019esame della commissione Governo del territorio, presieduta da Giuseppe Talanas (Forza Italia). Le diverse parti del documento saranno illustrate dagli assessori Giorgio Todde (Trasporti), Gianni Lampis (Ambiente), Aldo Salaris (Lavori Pubblici) e Quirico Sanna (Enti Locali e Urbanistica). Com<\/p>\n","protected":false},"excerpt":{"rendered":"<p>Cagliari, 10 Gen 2022 \u2013 Dopo la pausa festiva riprende l\u2019attivit\u00e0 del Consiglio e delle commissioni permanenti. Mercoled\u00ec prossimo 12 gennaio alle 11.00 \u00e8 prevista&#8230;<\/p>\n","protected":false},"author":2,"featured_media":192512,"comment_status":"closed","ping_status":"open","sticky":false,"template":"","format":"standard","meta":[],"categories":[49,52],"tags":[],"_links":{"self":[{"href":"https:\/\/www.cronacaonline.it\/index.php\/wp-json\/wp\/v2\/posts\/216282"}],"collection":[{"href":"https:\/\/www.cronacaonline.it\/index.php\/wp-json\/wp\/v2\/posts"}],"about":[{"href":"https:\/\/www.cronacaonline.it\/index.php\/wp-json\/wp\/v2\/types\/post"}],"author":[{"embeddable":true,"href":"https:\/\/www.cronacaonline.it\/index.php\/wp-json\/wp\/v2\/users\/2"}],"replies":[{"embeddable":true,"href":"https:\/\/www.cronacaonline.it\/index.php\/wp-json\/wp\/v2\/comments?post=216282"}],"version-history":[{"count":1,"href":"https:\/\/www.cronacaonline.it\/index.php\/wp-json\/wp\/v2\/posts\/216282\/revisions"}],"predecessor-version":[{"id":216283,"href":"https:\/\/www.cronacaonline.it\/index.php\/wp-json\/wp\/v2\/posts\/216282\/revisions\/216283"}],"wp:featuredmedia":[{"embeddable":true,"href":"https:\/\/www.cronacaonline.it\/index.php\/wp-json\/wp\/v2\/media\/192512"}],"wp:attachment":[{"href":"https:\/\/www.cronacaonline.it\/index.php\/wp-json\/wp\/v2\/media?parent=216282"}],"wp:term":[{"taxonomy":"category","embeddable":true,"href":"https:\/\/www.cronacaonline.it\/index.php\/wp-json\/wp\/v2\/categories?post=216282"},{"taxonomy":"post_tag","embeddable":true,"href":"https:\/\/www.cronacaonline.it\/index.php\/wp-json\/wp\/v2\/tags?post=216282"}],"curies":[{"name":"wp","href":"https:\/\/api.w.org\/{rel}","templated":true}]}}