{"id":216260,"date":"2022-01-10T09:20:06","date_gmt":"2022-01-10T08:20:06","guid":{"rendered":"https:\/\/www.cronacaonline.it\/?p=216260"},"modified":"2022-01-10T09:20:08","modified_gmt":"2022-01-10T08:20:08","slug":"screening-scuole-assessore-nieddu-fatto-un-grande-sforzo-per-realizzare-unattivita-di-screening-cosi-vasta-in-breve-tempo","status":"publish","type":"post","link":"https:\/\/www.cronacaonline.it\/index.php\/2022\/01\/10\/screening-scuole-assessore-nieddu-fatto-un-grande-sforzo-per-realizzare-unattivita-di-screening-cosi-vasta-in-breve-tempo\/","title":{"rendered":"Screening scuole, Assessore Nieddu: fatto un grande sforzo per realizzare un&#8217;attivit\u00e0 di screening cos\u00ec vasta in breve tempo."},"content":{"rendered":"\n<p>Cagliari, 9 Gen 2022\u00a0\u2013 \u00c8 stata un'adesione massiccia quella registrata sabato e domenica in occasione della campagna di screening per il contrasto alla diffusione del Covid-19 in vista della riapertura delle scuole al termine delle festivit\u00e0 natalizie. Un primo dato, ancora parziale, indica 67.979 test antigenici eseguiti su altrettanti studenti: 17.969 nell'Asl di Cagliari, 9.504 nell'Asl Gallura, 1.945 Asl Medio Campidano, 8.958 Asl Nuoro, 1.187 Asl Ogliastra, 6.585 Asl Oristano, 16.264 Asl Sassari, 5.567 Asl Sulcis. Atteso un dato definitivo non lontano dal target 'sentinella' fissato come rappresentativo del quadro epidemiologico generale della popolazione scolastica. Il numero dei positivi rilevati dal test antigenico si assesta attualmente attorno al 2%. I soggetti positivi sono stati presi in carico dai Sisp (Servizi di igiene e sanit\u00e0 pubblica) per l'esecuzione del test molecolare che confermer\u00e0 o meno le infezioni rilevate. Lo screening proseguir\u00e0 anche in seguito alla ripresa dell'attivit\u00e0 didattica in programma per domani.<\/p>\n\n\n\n<p>\"\u00c8 stato fatto un grande sforzo per realizzare un'attivit\u00e0 di screening cos\u00ec vasta in breve tempo \u2013 dichiara l'assessore regionale della Sanit\u00e0, Mario Nieddu \u2013 ma \u00e8 stato uno sforzo necessario. I dati sui contagi rilevati ci dicono che \u00e8 possibile riprendere l'attivit\u00e0 in presenza, senza escludere il ricorso alla didattica a distanza in tutti quei casi mirati giustificati da un quadro epidemiologico pi\u00f9 grave. Ovviamente occorre mantenere la massima prudenza e il rispetto di tutte le misure anti-contagio adottate finora. La situazione continuer\u00e0 a essere monitorata con la massima attenzione e soprattutto continueremo con forza nella campagna di vaccinazione, che resta la nostra arma pi\u00f9 forte contro un virus che rappresenta ancora una minaccia\".<\/p>\n\n\n\n<p>\"Le capacit\u00e0 organizzative e logistiche maturate in occasione della campagna di screening 'Sardi e sicuri' ci hanno consentito di approntare in brevissimo tempo un monitoraggio su vasta scala su un'ampia parte della popolazione studentesca. \u00c8 stata un'operazione non facile, ma grazie alla collaborazione di tutti gli attori in campo, a partire dai sindaci, gli operatori sanitari e i volontari, siamo riusciti anche in questa impresa. Con la loro adesione i nostri giovani e le loro famiglie hanno dato ancora una volta un segnale di grande responsabilit\u00e0, confermando quanto gi\u00e0 registrato nella campagna vaccinale che ci vede tra le regioni con il maggior numero di vaccinati nelle fasce d'et\u00e0 pi\u00f9 basse\", conclude il Presidente. Com<\/p>\n","protected":false},"excerpt":{"rendered":"<p>Cagliari, 9 Gen 2022\u00a0\u2013 \u00c8 stata un&#8217;adesione massiccia quella registrata sabato e domenica in occasione della campagna di screening per il contrasto alla diffusione del&#8230;<\/p>\n","protected":false},"author":2,"featured_media":214566,"comment_status":"closed","ping_status":"open","sticky":false,"template":"","format":"standard","meta":[],"categories":[49,52],"tags":[],"_links":{"self":[{"href":"https:\/\/www.cronacaonline.it\/index.php\/wp-json\/wp\/v2\/posts\/216260"}],"collection":[{"href":"https:\/\/www.cronacaonline.it\/index.php\/wp-json\/wp\/v2\/posts"}],"about":[{"href":"https:\/\/www.cronacaonline.it\/index.php\/wp-json\/wp\/v2\/types\/post"}],"author":[{"embeddable":true,"href":"https:\/\/www.cronacaonline.it\/index.php\/wp-json\/wp\/v2\/users\/2"}],"replies":[{"embeddable":true,"href":"https:\/\/www.cronacaonline.it\/index.php\/wp-json\/wp\/v2\/comments?post=216260"}],"version-history":[{"count":1,"href":"https:\/\/www.cronacaonline.it\/index.php\/wp-json\/wp\/v2\/posts\/216260\/revisions"}],"predecessor-version":[{"id":216261,"href":"https:\/\/www.cronacaonline.it\/index.php\/wp-json\/wp\/v2\/posts\/216260\/revisions\/216261"}],"wp:featuredmedia":[{"embeddable":true,"href":"https:\/\/www.cronacaonline.it\/index.php\/wp-json\/wp\/v2\/media\/214566"}],"wp:attachment":[{"href":"https:\/\/www.cronacaonline.it\/index.php\/wp-json\/wp\/v2\/media?parent=216260"}],"wp:term":[{"taxonomy":"category","embeddable":true,"href":"https:\/\/www.cronacaonline.it\/index.php\/wp-json\/wp\/v2\/categories?post=216260"},{"taxonomy":"post_tag","embeddable":true,"href":"https:\/\/www.cronacaonline.it\/index.php\/wp-json\/wp\/v2\/tags?post=216260"}],"curies":[{"name":"wp","href":"https:\/\/api.w.org\/{rel}","templated":true}]}}