{"id":216249,"date":"2022-01-09T08:30:59","date_gmt":"2022-01-09T07:30:59","guid":{"rendered":"https:\/\/www.cronacaonline.it\/?p=216249"},"modified":"2022-01-09T08:31:04","modified_gmt":"2022-01-09T07:31:04","slug":"scuola-ancora-braccio-di-ferro-tra-governo-e-regioni-dove-i-presidenti-si-vogliono-distinguere-per-una-sembianza-di-potere-che-non-hanno-sul-ritorno-a-scuola","status":"publish","type":"post","link":"https:\/\/www.cronacaonline.it\/index.php\/2022\/01\/09\/scuola-ancora-braccio-di-ferro-tra-governo-e-regioni-dove-i-presidenti-si-vogliono-distinguere-per-una-sembianza-di-potere-che-non-hanno-sul-ritorno-a-scuola\/","title":{"rendered":"Scuola &#8211;  Ancora braccio di ferro tra Governo e Regioni, dove i presidenti si vogliono distinguere per una sembianza di potere che non hanno, sul ritorno a scuola."},"content":{"rendered":"\n<p>Roma, 9 Gen 2022 - Il rientro a scuola con l\u2019aumento dei contagi si prospetta confuso. Il Governo per\u00f2 tira dritto: le lezioni devono ripartire in presenza.\u00a0<\/p>\n\n\n\n<p>Per questo motivo il commissario Francesco Paolo Figliuolo ha scritto e inviato ai presidi un documento che fa chiarezza: \u201c\u00c8 emersa la chiara necessit\u00e0 di disporre ulteriori strategie operative finalizzate a massimizzare le attivit\u00e0 di tracciamento e test dei contatti in ambito scolastico\u201d.<\/p>\n\n\n\n<p>Il testo parla del \u201cmaggior coinvolgimento attivo delle risorse sanitarie gi\u00e0 presenti sul territorio come i pediatri di libera scelta e i medici di medicina generale a supporto delle attivit\u00e0 dei dipartimenti di Igiene e Sanit\u00e0 pubblica\u201d delle Asl.&nbsp;<\/p>\n\n\n\n<p>\u201cL\u2019impiego di queste risorse\u201d potr\u00e0 \u201ccontribuire a preservare quanto pi\u00f9 possibile le attivit\u00e0 didattiche in presenza\u201d, si legge nel documento.<\/p>\n\n\n\n<p>Su questo tema insiste anche il ministro dell\u2019Istruzione Patrizio Bianchi che, dalle pagine del Corriere della Sera, chiede a tutti un atto di responsabilit\u00e0.&nbsp;<\/p>\n\n\n\n<p>Intervistato, il ministro afferma che bisogna \u201ctutelare il pi\u00f9 possibile la presenza e, con essa, i nostri ragazzi e i bambini che vengono da due anni difficili\u201d, \u201cche hanno segnato il loro apprendimento\u201d. \u201cIl ricorso massiccio alla didattica a distanza, oggi, come se i vaccini non ci fossero, sarebbe un errore\u201d, ripete Bianchi, che individua proprio nella profilassi il motivo per mantenere le lezioni in presenza.<\/p>\n\n\n\n<p>Proprio per tenere sotto controllo l\u2019andamento dell\u2019epidemia tra i banchi il ministero dell\u2019Istruzione ha inviato alle scuole una nota operativa con le indicazioni per l\u2019applicazione delle nuove misure per la gestione dei casi di positivit\u00e0 contenute nel Decreto legge approvato lo scorso 5 gennaio in Consiglio dei ministri.&nbsp;<\/p>\n\n\n\n<p>Prima dell\u2019invio, questa mattina, il ministero ha convocato una riunione per illustrare le misure e la nota stessa ai sindacati.<\/p>\n\n\n\n<p>Il Miur fa sapere che \u201calle medie e alle superiori con due positivi in classe i requisiti per frequentare in presenza, durante il regime di auto sorveglianza, devono essere dimostrati dall\u2019alunno\u201d. La norma, precisano dal Ministero, \u201cautorizza le scuole a prendere visione della situazione vaccinale degli studenti, senza che ci\u00f2 comporti una violazione della privacy\u201d<\/p>\n\n\n\n<p>\u201cCon due casi di positivit\u00e0 nella stessa classe - spiegano ancora - coloro che hanno concluso il ciclo vaccinale primario, i guariti da meno di 120 giorni, chi ha fatto la dose di richiamo, possono frequentare in presenza, in regime di auto sorveglianza\u201d.&nbsp;<\/p>\n\n\n\n<p>Intanto \u00e8 un vero e proprio braccio di ferro quello tra il governo, alcuni governatori e i presidi.<\/p>\n\n\n\n<p>\u201cStimiamo che luned\u00ec potrebbero essere assenti 100.000 dipendenti della scuola su un milione - tra docenti e personale Ata - ovvero un 10% del totale, per le pi\u00f9 svariate questioni legate a Covid, quarantene, vaccini eccetera\u201d, ha detto all\u2019Ansa il presidente dell\u2019Associazione nazionale presidi, Antonello Giannelli.<\/p>\n\n\n\n<p>Arriva inoltre la precisazione sull\u2019ordinanza del presidente della regione Campania, Vincenzo De Luca che prevede la chiusura non solo di scuole elementari e medie, ma anche di nidi e scuole per l\u2019infanzia davanti all'aumento dei contagi Covid fino al 29 gennaio: il ricorso alla dad \u00e8 giustificato dalla situazione sul territorio regionale.&nbsp;<\/p>\n\n\n\n<p>Nello specifico corrisponde alla fattispecie di \u201ccircostanze di eccezionale e straordinaria necessit\u00e0 dovuta all\u2019insorgenza di focolai o al rischio estremamente elevato di diffusione del virus Sars-CoV-2 o di sue varianti nella popolazione scolastica\u201d indicata dal Decreto legge 6 agosto 2021 che consente anche nelle Regioni che non si trovino in zona rossa, eccezioni allo svolgimento in presenza delle attivit\u00e0 educative e scolastiche.&nbsp;<\/p>\n\n\n\n<p>Questa sottolineatura viene fornita in risposta al ministro dell\u2019Istruzione Bianchi, che aveva detto al Corriere che la legge \u201cpermette ai presidenti di Regione di intervenire solo in zona rossa e in circostanze straordinarie. Queste condizioni oggi non ci sono\u201d e che invece ci sono \u201cgli estremi per impugnare quell\u2019atto\u201d del governatore campano.<\/p>\n\n\n\n<p>Intanto Il Tar della Campania ha chiesto alla Regione di presentare ulteriori documenti per poter decidere sul ricorso presentato da alcuni genitori proprio contro l\u2019ordinanza del presidente De Luca. L\u2019integrazione dovr\u00e0 essere presentata ai giudici amministrativi entro le 11 di luned\u00ec. La decisione \u00e8 stata presa dai giudici della Quinta sezione che chiedono di avere una integrazione degli atti prima di esprimersi sul ricorso d\u2019urgenza di alcuni genitori, assistiti dagli avvocati Giacomo Profeta e Luca Rubinacci.<\/p>\n\n\n\n<p>Anche la giunta regionale siciliana prende le sue decisioni: rinvier\u00e0 la riapertura delle scuole di tre giorni in Sicilia per consentire di verificare tutti gli aspetti organizzativi a causa dell\u2019aumento dei contagi da Covid.&nbsp;<\/p>\n\n\n\n<p>Lo sfogo sull'appello delle regioni che resta inascoltato arriva su Facebook dal presidente della Regione Puglia, Michele Emiliano.<\/p>\n\n\n\n<p>Il governatore sottolinea che \u201cil Governo italiano, nonostante i rischi epidemiologici legati all\u2019ancora basso livello vaccinale dei bambini da 5 a 11 anni, ha deciso di far riprendere le lezioni in presenza da luned\u00ec 10 gennaio. Le vostre preoccupazioni sulla riapertura della scuola sono anche le mie e quelle dei presidenti delle regioni italiane\u201d.<\/p>\n\n\n\n<p>\u201cLe Regioni hanno, invano, richiesto un posticipo della riapertura - prosegue Emiliano - per avere il tempo di completare le vaccinazioni degli studenti e in particolare quelle dei pi\u00f9 piccoli, ma il Governo sul punto \u00e8 stato irremovibile\u201d.<\/p>\n\n\n\n<p>\u201cNon posso intervenire con un'ordinanza regionale perch\u00e9 lo scorso 6 agosto \u00e8 stato emanato il decreto legge 111 (poi convertito in Legge con modificazioni) che consente ai presidenti delle Regioni di derogare alle disposizioni nazionali solo quando una regione si trova in zona rossa\u201d, precisa il governatore, ricordando che la Puglia si trova al momento in zona bianca.<\/p>\n\n\n\n<p>Sul tema \u00e8 intervenuto anche il governatore del Veneto, Luca Zaia. \u201cSulla scuola penso sia fondamentale l\u2019autorevole espressione scientifica del Cts, che stiamo ancora attendendo, dopo che su mia iniziativa questa richiesta \u00e8 stata presentata in Conferenza Regioni e portata al governo\u201d, ha detto.&nbsp;<\/p>\n\n\n\n<p>Secondo Zaia, di fronte \u201call\u2019importante ondata del contagio\u201d e al dibattito conseguente sulla riapertura o meno \u201cabbiamo davanti uno scenario che sar\u00e0 un \u2018calvario\u2019 per la scuola, tra insegnanti colpiti dal Covid, altri assenti per malattia, altri ancora no vax e nuove regole della Dad. Insomma quella della scuola rischia di essere una falsa apertura\u201d.<\/p>\n\n\n\n<p>Ma la linea del governo non cambia. \u201cCi sono le condizioni perch\u00e9 la scuola possa ripartire in sicurezza\u201d, dice il sottosegretario alla Salute, Pierpaolo Sileri, spiegando che \u00e8 stata fatta una attenta valutazione della situazione del sistema scolastico da parte del Cts, della cabina di regia e del governo, e sono state aggiornate le regole per gli isolamenti e le quarantene.&nbsp;<\/p>\n\n\n\n<p>\u201cCi sar\u00e0 certamente un incremento dei casi di positivit\u00e0, ci saranno classi che andranno in didattica a distanza\u201d, ha proseguito Sileri, \u201canche perch\u00e9 nella fascia di et\u00e0 under 19 la percentuale di vaccinati \u00e8 pi\u00f9 bassa, ma nel complesso il governo ha ritenuto che le nuove regole possano rendere sostenibile il ritorno in classe in presenza\u201d.<\/p>\n\n\n\n<p>\"Il presidente della Regione Campania De Luca ha avanzato un'ordinanza che bloccava l'attivit\u00e0 in presenza per due settimane. Un atto essenzialmente legato alle difficolt\u00e0 di carattere sanitario della regione, ma che \u00e8 in esplicito contrasto con la norma, vigente dall'agosto scorso, che vieta a presidenti di Regioni e sindaci interventi generalizzati sul territorio, e li permette solo in zone rosse e per casi mirati\". Lo ha spiegato il ministro dell'Istruzione, Patrizio Bianchi. Su quell'ordinanza, ha aggiunto, \"siamo nella condizione di procedere impugnando l'atto\".<\/p>\n","protected":false},"excerpt":{"rendered":"<p>Roma, 9 Gen 2022 &#8211; Il rientro a scuola con l\u2019aumento dei contagi si prospetta confuso. Il Governo per\u00f2 tira dritto: le lezioni devono ripartire&#8230;<\/p>\n","protected":false},"author":2,"featured_media":216250,"comment_status":"closed","ping_status":"open","sticky":false,"template":"","format":"standard","meta":[],"categories":[49,50],"tags":[],"_links":{"self":[{"href":"https:\/\/www.cronacaonline.it\/index.php\/wp-json\/wp\/v2\/posts\/216249"}],"collection":[{"href":"https:\/\/www.cronacaonline.it\/index.php\/wp-json\/wp\/v2\/posts"}],"about":[{"href":"https:\/\/www.cronacaonline.it\/index.php\/wp-json\/wp\/v2\/types\/post"}],"author":[{"embeddable":true,"href":"https:\/\/www.cronacaonline.it\/index.php\/wp-json\/wp\/v2\/users\/2"}],"replies":[{"embeddable":true,"href":"https:\/\/www.cronacaonline.it\/index.php\/wp-json\/wp\/v2\/comments?post=216249"}],"version-history":[{"count":1,"href":"https:\/\/www.cronacaonline.it\/index.php\/wp-json\/wp\/v2\/posts\/216249\/revisions"}],"predecessor-version":[{"id":216252,"href":"https:\/\/www.cronacaonline.it\/index.php\/wp-json\/wp\/v2\/posts\/216249\/revisions\/216252"}],"wp:featuredmedia":[{"embeddable":true,"href":"https:\/\/www.cronacaonline.it\/index.php\/wp-json\/wp\/v2\/media\/216250"}],"wp:attachment":[{"href":"https:\/\/www.cronacaonline.it\/index.php\/wp-json\/wp\/v2\/media?parent=216249"}],"wp:term":[{"taxonomy":"category","embeddable":true,"href":"https:\/\/www.cronacaonline.it\/index.php\/wp-json\/wp\/v2\/categories?post=216249"},{"taxonomy":"post_tag","embeddable":true,"href":"https:\/\/www.cronacaonline.it\/index.php\/wp-json\/wp\/v2\/tags?post=216249"}],"curies":[{"name":"wp","href":"https:\/\/api.w.org\/{rel}","templated":true}]}}