{"id":216242,"date":"2022-01-08T16:54:02","date_gmt":"2022-01-08T15:54:02","guid":{"rendered":"https:\/\/www.cronacaonline.it\/?p=216242"},"modified":"2022-01-08T16:54:04","modified_gmt":"2022-01-08T15:54:04","slug":"screening-scuole-potenziata-la-distribuzione-dei-test-ai-comuni-lassessore-nieddu-in-poche-ore-approntata-campagna-su-vasta-scala-in-grado-di-rispondere-alle-esigenze-dellisola","status":"publish","type":"post","link":"https:\/\/www.cronacaonline.it\/index.php\/2022\/01\/08\/screening-scuole-potenziata-la-distribuzione-dei-test-ai-comuni-lassessore-nieddu-in-poche-ore-approntata-campagna-su-vasta-scala-in-grado-di-rispondere-alle-esigenze-dellisola\/","title":{"rendered":"Screening scuole, potenziata la distribuzione dei test ai comuni. L&#8217;assessore Nieddu: \u201cin poche ore approntata campagna su vasta scala in grado di rispondere alle esigenze dell&#8217;Isola\u201d."},"content":{"rendered":"\n<p>Cagliari, 8 Gen 2021 \u2013\u00a0Proseguir\u00e0 oggi e domani con orario continuato fino alle 18, al deposito della Protezione Civile alla Fiera della Sardegna, in via straordinaria rispetto a quanto gi\u00e0 stabilito per la consegna dei dispositivi, la distribuzione dei test antigenici ai sindaci dei Comuni della Sardegna che aderiscono alla campagna di screening dedicato agli studenti dell'Isola, per la rilevazione di eventuali casi di positivit\u00e0 al Covid-19 in vista della ripresa in sicurezza dell'attivit\u00e0 scolastica dopo le festivit\u00e0 natalizie. Per la realizzazione della campagna di screening sono stati attualmente consegnati test pari al 70% della popolazione studentesca residente nei Comuni che finora hanno aderito all'iniziativa, per una partecipazione attesa attorno al 50% degli studenti. Non si registrano carenze di dispositivi e altri tamponi sono gi\u00e0 disponibili per la distribuzione nel caso di un'adesione pi\u00f9 alta, da qui la decisione di potenziare l'operativit\u00e0 di distribuzione dei test al centro della Fiera.<\/p>\n\n\n\n<p>\u201cIn pochissime ore, con il grande impegno e collaborazione dei sindaci, abbiamo approntato un'attivit\u00e0 di screening su scala regionale per garantire il rientro a scuola in sicurezza ora che la curva dei contagi \u00e8 in crescita. Considerati i tempi e la vastit\u00e0 dell'attivit\u00e0 di monitoraggio stiamo realizzando qualcosa di inimmaginabile. Non sono tante le Regioni che hanno messo in campo un'operazione di questo tipo. \u00c8 normale che in una situazione come questa gli aggiustamenti vengano fatti in corso d'opera. Si tratta indubbiamente di un'operazione non semplice, ma abbiamo previsto una campagna che possa rispondere a quelle che sono le esigenze del nostro territorio e che proseguir\u00e0 anche con la ripresa delle lezioni\u201d, dichiara l'assessore regionale della Sanit\u00e0, Mario Nieddu. \u201cI sindaci hanno risposto con forza all'iniziativa e non ci risulta ci siano stati problemi con le distribuzioni dei dispositivi \u2013 precisa l'assessore in riferimento a quanto riportato sulla stampa locale \u2013 chi ha trovato chiuso perch\u00e9 si \u00e8 recato alla Fiera oltre l'orario che avevamo comunicato ha potuto ritirare i dispositivi il giorno seguente. Il centro di distribuzione sta operando come previsto\u201d.<\/p>\n\n\n\n<p>L'attivit\u00e0 di screening \u00e8 gi\u00e0 partita in tutta l'Isola: nel Sud Sardegna, rispetto all'elenco dei Comuni comunicato ieri, test in corso oggi dalle 9 alle 11 nella sala comunale di Escolca; sempre oggi dalle 15.30 alle 18.30 a Ortaeceus, nella palestra Comunale; test anche a Elmas oggi e domani dalle 8.30 alle 13 e dalle 14 alle 18 nella palestra della scuola di via Don Sturzo. Per l'area di Oristano sedi operative oggi e domani dalle 10 alle 13 e dalle 15 alle 18: all'hub vaccinale di Sa Rodia, a Oristano, all'hub vaccinale di via Napoli, a Terralba e nella palestra delle scuole superiori di Bosa. Nella sola giornata di domenica, invece, nella palestra delle scuole di via Amsicora, ad Ales. A Lanusei test oggi dalle 14 alle 20 alla scuola superiore Leonardo Da Vinci e domenica dalle 8.30 alle 14 all'Istituto comprensivo; a Ilbono domenica dalle 8.30 alle 14 all'istituto comprensivo; a Barisardo dalle 14 alle 20 all'istituto comprensivo; a Tortol\u00ec oggi dalle 14 alle 20 alla scuola di via Scorcu, domenica dalle 8.30 alle 14 all'Istituto comprensivo 1 e dalle 14 alle 20 all'Istituto comprensivo 2; a Triei domenica dalle 14 alle 20 test all'Istituto comprensivo; a Jerzu oggi dalle 8.30 alle 14, Istituto comprensivo e al liceo Businco; test oggi fino alle 14 anche a Tertenia, Istituto comprensivo, e a Perdasdefogu, all'Ipsia. Com<\/p>\n","protected":false},"excerpt":{"rendered":"<p>Cagliari, 8 Gen 2021 \u2013\u00a0Proseguir\u00e0 oggi e domani con orario continuato fino alle 18, al deposito della Protezione Civile alla Fiera della Sardegna, in via&#8230;<\/p>\n","protected":false},"author":2,"featured_media":209098,"comment_status":"closed","ping_status":"open","sticky":false,"template":"","format":"standard","meta":[],"categories":[49,52],"tags":[],"_links":{"self":[{"href":"https:\/\/www.cronacaonline.it\/index.php\/wp-json\/wp\/v2\/posts\/216242"}],"collection":[{"href":"https:\/\/www.cronacaonline.it\/index.php\/wp-json\/wp\/v2\/posts"}],"about":[{"href":"https:\/\/www.cronacaonline.it\/index.php\/wp-json\/wp\/v2\/types\/post"}],"author":[{"embeddable":true,"href":"https:\/\/www.cronacaonline.it\/index.php\/wp-json\/wp\/v2\/users\/2"}],"replies":[{"embeddable":true,"href":"https:\/\/www.cronacaonline.it\/index.php\/wp-json\/wp\/v2\/comments?post=216242"}],"version-history":[{"count":1,"href":"https:\/\/www.cronacaonline.it\/index.php\/wp-json\/wp\/v2\/posts\/216242\/revisions"}],"predecessor-version":[{"id":216243,"href":"https:\/\/www.cronacaonline.it\/index.php\/wp-json\/wp\/v2\/posts\/216242\/revisions\/216243"}],"wp:featuredmedia":[{"embeddable":true,"href":"https:\/\/www.cronacaonline.it\/index.php\/wp-json\/wp\/v2\/media\/209098"}],"wp:attachment":[{"href":"https:\/\/www.cronacaonline.it\/index.php\/wp-json\/wp\/v2\/media?parent=216242"}],"wp:term":[{"taxonomy":"category","embeddable":true,"href":"https:\/\/www.cronacaonline.it\/index.php\/wp-json\/wp\/v2\/categories?post=216242"},{"taxonomy":"post_tag","embeddable":true,"href":"https:\/\/www.cronacaonline.it\/index.php\/wp-json\/wp\/v2\/tags?post=216242"}],"curies":[{"name":"wp","href":"https:\/\/api.w.org\/{rel}","templated":true}]}}