{"id":216232,"date":"2022-01-08T07:19:27","date_gmt":"2022-01-08T06:19:27","guid":{"rendered":"https:\/\/www.cronacaonline.it\/?p=216232"},"modified":"2022-01-08T07:19:29","modified_gmt":"2022-01-08T06:19:29","slug":"emergenza-covid-al-via-la-campagna-di-screening-dedicata-agli-studenti-delle-scuole","status":"publish","type":"post","link":"https:\/\/www.cronacaonline.it\/index.php\/2022\/01\/08\/emergenza-covid-al-via-la-campagna-di-screening-dedicata-agli-studenti-delle-scuole\/","title":{"rendered":"Emergenza Covid, al via la campagna di screening dedicata agli studenti delle scuole."},"content":{"rendered":"\n<p>Cagliari, 8 Gen 2022\u00a0\u2013 Al via la campagna di screening rivolta agli studenti delle scuole primarie e secondarie dell'Isola, per la rilevazione di eventuali casi di positivit\u00e0 al Covid-19 in vista della ripartenza dell'attivit\u00e0 didattica al termine della pausa per le festivit\u00e0. Questa mattina a Cagliari, al deposito della Protezione Civile alla Fiera della Sardegna, \u00e8 partita la distribuzione dei test antigenici ai Comuni e alle Asl. Le operazioni sono coordinate dalla Asl8 di Cagliari. Diversi i centri dell'Isola in cui \u00e8 gi\u00e0 partito il monitoraggio su base volontaria grazie alla collaborazione dei sindaci.<\/p>\n\n\n\n<p>Nell'area dell'Asl8, dove il bacino conta 77 mila studenti, saranno impiegati 70 operatori sanitari, medici e personale amministrativo. Questi gli appuntamenti definiti per l'area del Sud Sardegna: a Cagliari sono state indicate quattro sedi operative sabato 8 gennaio dalle 12 alle 18 e domenica 9 dalle 9 alle 18, nel capoluogo lo screening si terr\u00e0 nelle palestre di via Piceno, via Koch, via Fosse Ardeatine e via Garavetti; a Selargius i test saranno eseguiti nella palestra di via Bixio sabato dalle 9.30 alle 18 e domenica dalle 9 alle 18; a Quartucciu screening sabato e domenica dalle 9 alle 18 nella sede di via Don Minzoni; a Sestu test nella scuola di via Dante, sabato dalle 10.30 alle 18 e domenica dalle 9 alle 18; a Quartu Sant'Elena lo screening si terr\u00e0 in via Nenni sabato e domenica dalle 9.30 alle 18; a Monserrato la sede indicata \u00e8 quella di via San Gavino, operativa sabato e domenica dalle 9.30 alle 18; a Mandas screening sabato dalle 16.00 alle 18 e domenica dalle 10.30 alle 13 e dalle 16 alle 19 nella sede dell'istituto comprensivo; a Guasila test nella palestra scolastica di via Scintu, domenica dalle 15.30; a Marcalagonis sabato dalle 15 alle 19 e domenica dalle 9 alle 14 al Palazzetto dello Sport; a Nurallao sabato dalle 14.30 alle 18 nell'ex scuola media San Salvatore; a Capoterra sabato dalle 9 alle 18 al centro Meccano; a Castiadas luned\u00ec 10 gennaio dalle 9 alle 14 presso la struttura della parrocchia di Olia Speciosa; a Monastir sabato dalle 10 alle 12.30 e dalle 16 alle 19.30 presso la palestra comunale di via Tempio che accoglier\u00e0 anche gli studenti di Nuraminis, Ussana, San Sperate e Villasor; A Samatzai screening sabato dalle 9 alle 13 all'ex Montegranatico.<\/p>\n\n\n\n<p>A Vallermosa test sabato dalle 9 alle 13 nella palestra comunale;&nbsp;per gli studenti di Muravera e San Vito tamponi all'ospedale San Marcellino di Muravera domenica dalle 8 alle 13 e dalle 14 alle 18. Avviato oggi lo screening a Villaspeciosa con 179 tamponi su 205 studenti, 3 le positivit\u00e0 rilevate. Gli studenti potranno aderire allo screening rivolgendosi ai centri presso il proprio comune di residenza (nel caso sia diverso dal comune. Com<\/p>\n","protected":false},"excerpt":{"rendered":"<p>Cagliari, 8 Gen 2022\u00a0\u2013 Al via la campagna di screening rivolta agli studenti delle scuole primarie e secondarie dell&#8217;Isola, per la rilevazione di eventuali casi&#8230;<\/p>\n","protected":false},"author":2,"featured_media":204765,"comment_status":"closed","ping_status":"open","sticky":false,"template":"","format":"standard","meta":[],"categories":[49,52],"tags":[],"_links":{"self":[{"href":"https:\/\/www.cronacaonline.it\/index.php\/wp-json\/wp\/v2\/posts\/216232"}],"collection":[{"href":"https:\/\/www.cronacaonline.it\/index.php\/wp-json\/wp\/v2\/posts"}],"about":[{"href":"https:\/\/www.cronacaonline.it\/index.php\/wp-json\/wp\/v2\/types\/post"}],"author":[{"embeddable":true,"href":"https:\/\/www.cronacaonline.it\/index.php\/wp-json\/wp\/v2\/users\/2"}],"replies":[{"embeddable":true,"href":"https:\/\/www.cronacaonline.it\/index.php\/wp-json\/wp\/v2\/comments?post=216232"}],"version-history":[{"count":1,"href":"https:\/\/www.cronacaonline.it\/index.php\/wp-json\/wp\/v2\/posts\/216232\/revisions"}],"predecessor-version":[{"id":216233,"href":"https:\/\/www.cronacaonline.it\/index.php\/wp-json\/wp\/v2\/posts\/216232\/revisions\/216233"}],"wp:featuredmedia":[{"embeddable":true,"href":"https:\/\/www.cronacaonline.it\/index.php\/wp-json\/wp\/v2\/media\/204765"}],"wp:attachment":[{"href":"https:\/\/www.cronacaonline.it\/index.php\/wp-json\/wp\/v2\/media?parent=216232"}],"wp:term":[{"taxonomy":"category","embeddable":true,"href":"https:\/\/www.cronacaonline.it\/index.php\/wp-json\/wp\/v2\/categories?post=216232"},{"taxonomy":"post_tag","embeddable":true,"href":"https:\/\/www.cronacaonline.it\/index.php\/wp-json\/wp\/v2\/tags?post=216232"}],"curies":[{"name":"wp","href":"https:\/\/api.w.org\/{rel}","templated":true}]}}