{"id":216230,"date":"2022-01-08T07:17:59","date_gmt":"2022-01-08T06:17:59","guid":{"rendered":"https:\/\/www.cronacaonline.it\/?p=216230"},"modified":"2022-01-08T07:18:01","modified_gmt":"2022-01-08T06:18:01","slug":"entra-in-vigore-lobbligo-vaccinale-per-gli-over-50","status":"publish","type":"post","link":"https:\/\/www.cronacaonline.it\/index.php\/2022\/01\/08\/entra-in-vigore-lobbligo-vaccinale-per-gli-over-50\/","title":{"rendered":"Entra in vigore l&#8217;obbligo vaccinale per gli over 50."},"content":{"rendered":"\n<p>Roma, 8 Gen 2022 \u2013 \u00c8 stato pubblicato in Gazzetta Ufficiale il Decreto Legge sull'obbligo vaccinale per le persone che hanno superato 50 anni.<\/p>\n\n\n\n<p>Ieri sera il presidente Sergio Mattarella aveva firmato il Decreto, che non mostra differenze sostanziali rispetto al testo licenziato dall'ultimo Consiglio dei ministri.<\/p>\n\n\n\n<p>La giornata di ieri aveva visto montare le polemiche sul provvedimento: tra chi ha criticato sanzioni perch\u00e9 \"troppo basse\" e chi le ritiene \"anti-democratiche\", o perch\u00e9 - come sostengono Fratelli d'Italia e il Garante di M5s, Beppe Grillo \u2013 minerebbe principi liberali e democratici.&nbsp;<\/p>\n\n\n\n<p>Nel testo pubblicato \u00e8 specificato che l'obbligo vaccinale \"non sussiste in caso di accertato pericolo per la salute, in relazione a specifiche condizioni cliniche documentate, attestate dal medico di medicina generale dell'assistito o dal medico vaccinatore\". Chi \u00e8 stato colpito dal Covid pu\u00f2 rinviare la vaccinazione \"fino alla prima data utile prevista sulla base delle circolari del Ministero della salute\".<\/p>\n\n\n\n<p>Dal 15 febbraio 2022 per accedere ai luoghi di lavoro bisogna \"possedere ed esibire una delle certificazioni verdi Covid-19 di vaccinazione o di guarigione\". Chi sar\u00e0 senza certificazione verde sar\u00e0 considerato assente ingiustificato, e rester\u00e0 senza stipendio (ma senza conseguenze disciplinari e con diritto alla conservazione del rapporto di lavoro) fino alla presentazione della certificazione.&nbsp;<\/p>\n\n\n\n<p>Rimane invariato anche il capitolo sanzioni. Dal 15 febbraio inoltre, tutti coloro che non esibiranno il Super Green pass sul proprio luogo di lavoro, dovranno pagare tra i 600 e i 1500 euro. Su quest'ultimo punto restano una serie di nodi, in particolare su chi e come dovr\u00e0 effettuare i controlli e come saranno irrogate le multe.<\/p>\n\n\n\n<p>Sar\u00e0 invece l'Agenzia delle entrate a riscuotere&nbsp;la molto contestata multa di cento euro da chi a partire dal 1 febbraio 2022 non abbia avuto almeno una dose di vaccino, da chi non ha completato il ciclo vaccinale nei termini previsti e da chi non ha effettuato la dose di richiamo successiva al ciclo vaccinale primario entro i termini di validit\u00e0 delle certificazioni verdi.&nbsp;<\/p>\n\n\n\n<p>Il provvedimento trova l'opposizione del garante e fondatore del Movimento Cinque Stelle, Beppe Grillo, che dal suo blog accusa: \"essere soggetti a controlli del governo centrale, e ancor pi\u00f9 a trattamenti sanitari obbligatori, evoca immagini orwelliane che pesano molto psicologicamente\".&nbsp;<\/p>\n\n\n\n<p>Per la leader di FdI, Giorgia Meloni, \"questo non \u00e8 obbligo: \u00e8 estorsione di Stato\". Fratelli d'Italia sottoporr\u00e0 inoltre al Garante della privacy la questione dei dati sanitari messi a disposizione dell'Agenzia delle entrate per l'irrogazione delle multe, definita da Fdi \"l'ennesima scandalosa violazione della tutela dei dati sensibili\".<\/p>\n\n\n\n<p>C'\u00e8 anche chi invece non esclude inasprimenti. \"In sede di conversione parlamentare del decreto vedremo se sar\u00e0 il caso o meno di presentare emendamenti specifici\" per l'aumento delle multe, spiega il responsabile Sicurezza del Partito Democratico, Enrico Borghi, che aggiunge: \"penso che debba esserci una correlazione adeguata tra infrazione e sanzione\".<\/p>\n","protected":false},"excerpt":{"rendered":"<p>Roma, 8 Gen 2022 \u2013 \u00c8 stato pubblicato in Gazzetta Ufficiale il Decreto Legge sull&#8217;obbligo vaccinale per le persone che hanno superato 50 anni. Ieri&#8230;<\/p>\n","protected":false},"author":2,"featured_media":215299,"comment_status":"closed","ping_status":"open","sticky":false,"template":"","format":"standard","meta":[],"categories":[49,50],"tags":[],"_links":{"self":[{"href":"https:\/\/www.cronacaonline.it\/index.php\/wp-json\/wp\/v2\/posts\/216230"}],"collection":[{"href":"https:\/\/www.cronacaonline.it\/index.php\/wp-json\/wp\/v2\/posts"}],"about":[{"href":"https:\/\/www.cronacaonline.it\/index.php\/wp-json\/wp\/v2\/types\/post"}],"author":[{"embeddable":true,"href":"https:\/\/www.cronacaonline.it\/index.php\/wp-json\/wp\/v2\/users\/2"}],"replies":[{"embeddable":true,"href":"https:\/\/www.cronacaonline.it\/index.php\/wp-json\/wp\/v2\/comments?post=216230"}],"version-history":[{"count":1,"href":"https:\/\/www.cronacaonline.it\/index.php\/wp-json\/wp\/v2\/posts\/216230\/revisions"}],"predecessor-version":[{"id":216231,"href":"https:\/\/www.cronacaonline.it\/index.php\/wp-json\/wp\/v2\/posts\/216230\/revisions\/216231"}],"wp:featuredmedia":[{"embeddable":true,"href":"https:\/\/www.cronacaonline.it\/index.php\/wp-json\/wp\/v2\/media\/215299"}],"wp:attachment":[{"href":"https:\/\/www.cronacaonline.it\/index.php\/wp-json\/wp\/v2\/media?parent=216230"}],"wp:term":[{"taxonomy":"category","embeddable":true,"href":"https:\/\/www.cronacaonline.it\/index.php\/wp-json\/wp\/v2\/categories?post=216230"},{"taxonomy":"post_tag","embeddable":true,"href":"https:\/\/www.cronacaonline.it\/index.php\/wp-json\/wp\/v2\/tags?post=216230"}],"curies":[{"name":"wp","href":"https:\/\/api.w.org\/{rel}","templated":true}]}}