{"id":216225,"date":"2022-01-07T18:38:16","date_gmt":"2022-01-07T17:38:16","guid":{"rendered":"https:\/\/www.cronacaonline.it\/?p=216225"},"modified":"2022-01-07T18:38:18","modified_gmt":"2022-01-07T17:38:18","slug":"alluvione-bitti-stanziati-dal-governo-altri-15-milioni-di-euro-di-nuove-risorse-attraverso-il-pnrr","status":"publish","type":"post","link":"https:\/\/www.cronacaonline.it\/index.php\/2022\/01\/07\/alluvione-bitti-stanziati-dal-governo-altri-15-milioni-di-euro-di-nuove-risorse-attraverso-il-pnrr\/","title":{"rendered":"Alluvione Bitti. Stanziati dal governo altri 15 milioni di euro di nuove risorse attraverso il Pnrr."},"content":{"rendered":"\n<p>Bitti (Nu), 7 Gen 2022\u00a0\u2013 Il sindaco di Bitti, in una nota ha fatto che da Roma, dove nei giorni scorsi il Governo ha stanziato 15 milioni di euro di nuove risorse, recuperate dai fondi del Pnrr, per gli interventi di riduzione del rischio idrogeologico a Bitti e per la gestione dell\u2019emergenza post alluvione del 28 novembre 2020.<\/p>\n\n\n\n<p>I fondi destinati al paese barbaricino giungono da un lavoro di squadra portato avanti in questi mesi tra Dipartimento della Protezione civile nazionale, struttura commissariale presso la Protezione civile regionale, Regione Sardegna e Comune. Il nuovo finanziamento va a completare gli interventi gi\u00e0 finanziati con 19milioni dal Governo, con 11milioni dalla Regione e da altri 5milioni di euro giunti attraverso un emendamento presentato nella legge di programmazione finanziaria dello scorso anno dal senatore Giuseppe Luigi Cucca. Un totale di 50milioni che in buona parte sono gi\u00e0 in disponibilit\u00e0 del Commissario per l\u2019emergenza, Pasquale Antonio Belloi, e del Comune di Bitti.<\/p>\n\n\n\n<p>&nbsp;\u201cSi tratta di una notizia straordinaria che arriva quasi inaspettata in un momento in cui siamo gi\u00e0 fortemente impegnati per arginare l\u2019emergenza Covid e che ci lascia particolarmente soddisfatti. Adesso bisogna agire subito, in fretta perch\u00e9 la nostra comunit\u00e0 non pu\u00f2 pi\u00f9 attendere\u201d. E poi il sindaco Ciccolini ha precisato che, preso atto dell\u2019arrivo delle risorse, in questo momento \u00e8 necessario che Bitti guardi al futuro. \u201cNessuno ha sofferto come noi la presenza di una doppia emergenza (alluvione e covid19) che ci hanno toccato direttamente e ci hanno messo in condizione di squilibrio rispetto alle altre realt\u00e0 territoriali della Sardegna: attivit\u00e0 d\u2019impresa chiuse per mesi o ancora da riaprire, incremento dello spopolamento, calo delle nascite. Ora, con tali finanziamenti, abbiamo l\u2019occasione di ritrovare la normalit\u00e0 recuperando questo gap infrastrutturale e di sicurezza, rimettendoci quindi al pari degli altri cittadini della nostra Isola. Raggiunta la normalit\u00e0 sar\u00e0 necessario \u2013 ha concluso Giuseppe Ciccolini \u2013 avviare un grande progetto di rigenerazione urbana del centro abitato perch\u00e9 Bitti deve diventare un paese modello nella messa in sicurezza e nella ricostruzione, ma anche nella ripartenza e nel creare nuove opportunit\u00e0 per una comunit\u00e0 su cui finora si \u00e8 gi\u00e0 lavorato e investito tanto: dal Parco di Tepilora al museo multimediale del Canto a Tenore, dal centro europeo per gli scout alle grandi mostre internazionali. Un\u2019idea di rigenerazione di un territorio dell\u2019interno che va comunque incoraggiata e sostenuta soprattutto dopo le tragedie che hanno oscurato nell\u2019animo il presente e il futuro di tanti cittadini\u201d. Com<\/p>\n","protected":false},"excerpt":{"rendered":"<p>Bitti (Nu), 7 Gen 2022\u00a0\u2013 Il sindaco di Bitti, in una nota ha fatto che da Roma, dove nei giorni scorsi il Governo ha stanziato&#8230;<\/p>\n","protected":false},"author":2,"featured_media":198711,"comment_status":"closed","ping_status":"open","sticky":false,"template":"","format":"standard","meta":[],"categories":[49,52],"tags":[],"_links":{"self":[{"href":"https:\/\/www.cronacaonline.it\/index.php\/wp-json\/wp\/v2\/posts\/216225"}],"collection":[{"href":"https:\/\/www.cronacaonline.it\/index.php\/wp-json\/wp\/v2\/posts"}],"about":[{"href":"https:\/\/www.cronacaonline.it\/index.php\/wp-json\/wp\/v2\/types\/post"}],"author":[{"embeddable":true,"href":"https:\/\/www.cronacaonline.it\/index.php\/wp-json\/wp\/v2\/users\/2"}],"replies":[{"embeddable":true,"href":"https:\/\/www.cronacaonline.it\/index.php\/wp-json\/wp\/v2\/comments?post=216225"}],"version-history":[{"count":1,"href":"https:\/\/www.cronacaonline.it\/index.php\/wp-json\/wp\/v2\/posts\/216225\/revisions"}],"predecessor-version":[{"id":216227,"href":"https:\/\/www.cronacaonline.it\/index.php\/wp-json\/wp\/v2\/posts\/216225\/revisions\/216227"}],"wp:featuredmedia":[{"embeddable":true,"href":"https:\/\/www.cronacaonline.it\/index.php\/wp-json\/wp\/v2\/media\/198711"}],"wp:attachment":[{"href":"https:\/\/www.cronacaonline.it\/index.php\/wp-json\/wp\/v2\/media?parent=216225"}],"wp:term":[{"taxonomy":"category","embeddable":true,"href":"https:\/\/www.cronacaonline.it\/index.php\/wp-json\/wp\/v2\/categories?post=216225"},{"taxonomy":"post_tag","embeddable":true,"href":"https:\/\/www.cronacaonline.it\/index.php\/wp-json\/wp\/v2\/tags?post=216225"}],"curies":[{"name":"wp","href":"https:\/\/api.w.org\/{rel}","templated":true}]}}