{"id":216184,"date":"2022-01-06T08:29:48","date_gmt":"2022-01-06T07:29:48","guid":{"rendered":"https:\/\/www.cronacaonline.it\/?p=216184"},"modified":"2022-01-06T08:29:51","modified_gmt":"2022-01-06T07:29:51","slug":"nuova-ordinanza-del-presidente-della-regione-sardegna-solinas-misure-straordinarie-urgenti-di-contrasto-e-prevenzione-della-diffusione-epidemiologica-da-covid-19-nel-territorio-regionale","status":"publish","type":"post","link":"https:\/\/www.cronacaonline.it\/index.php\/2022\/01\/06\/nuova-ordinanza-del-presidente-della-regione-sardegna-solinas-misure-straordinarie-urgenti-di-contrasto-e-prevenzione-della-diffusione-epidemiologica-da-covid-19-nel-territorio-regionale\/","title":{"rendered":"Nuova ordinanza del presidente della Regione Sardegna Solinas: Misure straordinarie urgenti di contrasto e prevenzione della diffusione epidemiologica da Covid-19 nel territorio regionale."},"content":{"rendered":"\n<p>Cagliari, 6 Gen 2022 \u2013 Ieri sera, il presidente della Regione Sardegna, ha emanato una nuova ordinanza nella quale si ordina che le attivit\u00e0 didattiche nelle scuole di ogni ordine e grado della Regione Autonoma della Sardegna sono sospese per le giornate del 7 ed 8 gennaio 2022.<\/p>\n\n\n\n<p>Le lezioni riprenderanno il loro regolare svolgimento, salvo nuove differenti determinazioni, a decorrere dal 10 gennaio 2022.<\/p>\n\n\n\n<p>Dal canto loro le Aziende Socio-Sanitarie Locali della Regione Autonoma della Sardegna, nei territori di rispettiva competenza, devono curare l\u2019organizzazione di una campagna di screening mirato alla popolazione studentesca, mediante adeguati test ad alta specificit\u00e0 e sensibilit\u00e0, da realizzarsi nei giorni precedenti la regolare ripresa delle attivit\u00e0 di didattiche con il coordinamento di COR.SA ed in raccordo con i team operativi del Commissario Straordinario per l\u2019emergenza Covid_19, con l\u2019Anci Sardegna e con l\u2019Ufficio Scolastico Regionale.<\/p>\n\n\n\n<p>Questa ordinanza \u00e8 stata trasmessa al Presidente del Consiglio dei Ministri, al Ministro della Salute, ai Prefetti degli Uffici territoriali di governo della Sardegna, agli Assessori regionali, all\u2019Ufficio Scolastico Regionale della Sardegna, alle Aziende Socio-Sanitarie Locali (AA.SS.LL) della Sardegna, agli amministratori straordinari delle Province, al Sindaco della Citt\u00e0 metropolitana di Cagliari, ai Sindaci dei Comuni della Sardegna, all\u2019Anci Sardegna.<\/p>\n\n\n\n<p>Infine, la presente ordinanza \u00e8 immediatamente efficace ed \u00e8 pubblicata sul sito istituzionale della Regione e sul B.U.R.A.S. La pubblicazione ha valore di notifica individuale, a tutti gli effetti di legge, nei confronti di tutti i soggetti coinvolti. Avverso la presente ordinanza \u00e8 ammesso ricorso giurisdizionale innanzi al Tribunale Amministrativo Regionale nel termine di sessanta giorni dalla comunicazione, ovvero ricorso straordinario al Capo dello Stato entro il termine di giorni centoventi.<\/p>\n","protected":false},"excerpt":{"rendered":"<p>Cagliari, 6 Gen 2022 \u2013 Ieri sera, il presidente della Regione Sardegna, ha emanato una nuova ordinanza nella quale si ordina che le attivit\u00e0 didattiche&#8230;<\/p>\n","protected":false},"author":2,"featured_media":187129,"comment_status":"closed","ping_status":"open","sticky":false,"template":"","format":"standard","meta":[],"categories":[49,52],"tags":[],"_links":{"self":[{"href":"https:\/\/www.cronacaonline.it\/index.php\/wp-json\/wp\/v2\/posts\/216184"}],"collection":[{"href":"https:\/\/www.cronacaonline.it\/index.php\/wp-json\/wp\/v2\/posts"}],"about":[{"href":"https:\/\/www.cronacaonline.it\/index.php\/wp-json\/wp\/v2\/types\/post"}],"author":[{"embeddable":true,"href":"https:\/\/www.cronacaonline.it\/index.php\/wp-json\/wp\/v2\/users\/2"}],"replies":[{"embeddable":true,"href":"https:\/\/www.cronacaonline.it\/index.php\/wp-json\/wp\/v2\/comments?post=216184"}],"version-history":[{"count":1,"href":"https:\/\/www.cronacaonline.it\/index.php\/wp-json\/wp\/v2\/posts\/216184\/revisions"}],"predecessor-version":[{"id":216185,"href":"https:\/\/www.cronacaonline.it\/index.php\/wp-json\/wp\/v2\/posts\/216184\/revisions\/216185"}],"wp:featuredmedia":[{"embeddable":true,"href":"https:\/\/www.cronacaonline.it\/index.php\/wp-json\/wp\/v2\/media\/187129"}],"wp:attachment":[{"href":"https:\/\/www.cronacaonline.it\/index.php\/wp-json\/wp\/v2\/media?parent=216184"}],"wp:term":[{"taxonomy":"category","embeddable":true,"href":"https:\/\/www.cronacaonline.it\/index.php\/wp-json\/wp\/v2\/categories?post=216184"},{"taxonomy":"post_tag","embeddable":true,"href":"https:\/\/www.cronacaonline.it\/index.php\/wp-json\/wp\/v2\/tags?post=216184"}],"curies":[{"name":"wp","href":"https:\/\/api.w.org\/{rel}","templated":true}]}}