{"id":216182,"date":"2022-01-06T08:23:03","date_gmt":"2022-01-06T07:23:03","guid":{"rendered":"https:\/\/www.cronacaonline.it\/?p=216182"},"modified":"2022-01-06T08:23:05","modified_gmt":"2022-01-06T07:23:05","slug":"il-governo-draghi-in-continua-fibrillazione-per-colpa-della-lega-vara-nella-tarda-serata-di-ieri-la-super-certificazione-verde-e-obbligo-vaccinale-per-gli-over-50-ma-se-non-rispettano-lobbli","status":"publish","type":"post","link":"https:\/\/www.cronacaonline.it\/index.php\/2022\/01\/06\/il-governo-draghi-in-continua-fibrillazione-per-colpa-della-lega-vara-nella-tarda-serata-di-ieri-la-super-certificazione-verde-e-obbligo-vaccinale-per-gli-over-50-ma-se-non-rispettano-lobbli\/","title":{"rendered":"Il Governo Draghi in continua fibrillazione per colpa della Lega vara nella tarda serata di ieri la super certificazione verde e obbligo vaccinale per gli over 50. Ma se non rispettano l\u2019obbligo una irrisoria multa di 100 euro."},"content":{"rendered":"\n<p>Roma, 6 Gen 2022 - Il nuovo decreto passa all'unanimit\u00e0, ma arriva dopo una giornata tesa tra i partiti (come al solito la Lega si mette di traverso) nella quale le posizioni sono rimaste quelle gi\u00e0 emerse nei giorni scorsi. Pd, Forza Italia, Italia Viva e il ministro della Salute Roberto Speranza erano per estendere l'obbligo vaccinale a tutti i lavoratori mentre sul fronte opposto si \u00e8 ricreato l'asse Lega-Cinquestelle.<\/p>\n\n\n\n<p>Al termine di un lungo confronto, iniziato prima nella cabina di regia e poi continuato nel Consiglio dei ministri, il premier Mario Draghi, che&nbsp;ha insistito molto sulle pressioni sulle strutture ospedaliere,&nbsp;ha trovato la sintesi che introduce, di fatto, l'obbligo vaccinale.<\/p>\n\n\n\n<p>Mario Draghi prima ha imposto, contro la volont\u00e0 della Lega, l'obbligo vaccinale per tutti gli italiani che hanno pi\u00f9 di 50 anni. Secondo fonti di governo la scelta non sarebbe un \"compromesso politico\", ma serve a ridurre le ospedalizzazioni, visto che sono proprio quelle le classi di et\u00e0 pi\u00f9 ricorrenti nelle terapie intensive e nei reparti Covid.&nbsp;<\/p>\n\n\n\n<p>Poi il premier ha avallato il compromesso che evita l'astensione dei ministri di Matteo Salvini: per accedere ai servizi alla persona - dai parrucchieri ed estetisti agli uffici pubblici, servizi bancari, postali e finanziari, nei centri commerciali e nei negozi, ad eccezione di quelli \"necessari per assicurare il soddisfacimento di esigenze essenziali e primarie delle persone\", baster\u00e0 il green pass base (quindi ottenibile anche con tampone) e non quello rafforzato, come era previsto dalla bozza del decreto.&nbsp;<\/p>\n\n\n\n<p>C'\u00e8 il compromesso, ma resta il malessere dei partiti: le stesse forze politiche riferiscono di un premier irritato per il braccio di ferro all'interno della maggioranza con i veti e le minacce. Le tensioni non cesseranno nel prossimo futuro, ora la partita si sposta in Parlamento dove il decreto legge varato dovr\u00e0 essere convertito in piena partita per il Quirinale e l'obbligo vaccinale entrer\u00e0 in vigore proprio dopo l'elezione del presidente della Repubblica. Per di pi\u00f9 la richiesta di un nuovo dl ristori, venuta da pi\u00f9 parti, potrebbe richiedere un altro scostamento di bilancio.<\/p>\n\n\n\n<p>Fino al 15 giugno il vaccino sar\u00e0 obbligatorio per tutti coloro che hanno compiuto 50 anni, con l'esenzione solo per chi ha un certificato medico. Chi \u00e8 guarito, invece, dovr\u00e0 vaccinarsi obbligatoriamente dopo 6 mesi. Per chi dovesse decidere comunque di non immunizzarsi \u00e8 prevista una sanzione di 100 euro. Per i 50enni scatta anche un altro intervento: dal 15 febbraio si potr\u00e0 andare al lavoro solo con il super green pass. Una misura che vale sia per il privato e il pubblico, compreso chi lavora in ambito giudiziario e i magistrati. La norma non si applica invece per gli avvocati difensori, i testimoni e le parti del processo.&nbsp;<\/p>\n\n\n\n<p>Le verifiche spetteranno ai datori di lavoro e chi non ha il superpass sar\u00e0 assente ingiustificato fino alla presentazione della certificazione, \"con diritto alla conservazione del rapporto di lavoro e senza conseguenze disciplinari\", ma con la sospensione dello stipendio e di qualunque \"altro compenso o emolumento comunque denominato\". Le imprese potranno per\u00f2 sostituire chi non ha il pass rafforzato. In questo caso sono previste sanzioni: chi entra in un luogo di lavoro e non ha il super pass incorre in una sanzione erogata dal prefetto che va da 600 a 1.500 euro.&nbsp;<\/p>\n\n\n\n<p>Torner\u00e0 anche l'uso massiccio del telelavoro: i ministri Brunetta e Orlando hanno firmato la circolare nella quale si sensibilizzano le amministrazioni pubbliche e i datori di lavoro privati a utilizzare pienamente lo strumento.<\/p>\n\n\n\n<p>Nel caso di Covid nella scuola dell'infanzia, con un positivo si va in quarantena per 10 giorni mentre alle elementari, con un caso si applica la sorveglianza con test al primo e dopo cinque giorni mentre con 2 casi si resta a casa per 10 giorni. In medie e superiori, invece, con un caso si resta in classe (con l'auto sorveglianza e l'utilizzo della Ffp2) mentre con 2 casi vanno in Dad per 10 giorni solo i non vaccinati e chi \u00e8 guarito o vaccinato da pi\u00f9 di quattro mesi senza aver fatto il booster. Con tre positivi, invece, tutta la classe \u00e8 a casa per 10 giorni.<\/p>\n\n\n\n<p>\"\u00c8 un intervento molto articolato che va incontro alle richieste delle Regioni - dice il ministro Bianchi - la scelta di fondo \u00e8 che si trona ad una scuola in presenza e in sicurezza\". La decisione di distinguere tra vaccinati e non vaccinati in presenza di due positivi viene per\u00f2 criticata dal presidente dell'Associazione dei presidi Antonello Giannelli: \"\u00e8 una misura discriminatoria\".<\/p>\n","protected":false},"excerpt":{"rendered":"<p>Roma, 6 Gen 2022 &#8211; Il nuovo decreto passa all&#8217;unanimit\u00e0, ma arriva dopo una giornata tesa tra i partiti (come al solito la Lega si&#8230;<\/p>\n","protected":false},"author":2,"featured_media":216181,"comment_status":"closed","ping_status":"open","sticky":false,"template":"","format":"standard","meta":[],"categories":[49,50],"tags":[],"_links":{"self":[{"href":"https:\/\/www.cronacaonline.it\/index.php\/wp-json\/wp\/v2\/posts\/216182"}],"collection":[{"href":"https:\/\/www.cronacaonline.it\/index.php\/wp-json\/wp\/v2\/posts"}],"about":[{"href":"https:\/\/www.cronacaonline.it\/index.php\/wp-json\/wp\/v2\/types\/post"}],"author":[{"embeddable":true,"href":"https:\/\/www.cronacaonline.it\/index.php\/wp-json\/wp\/v2\/users\/2"}],"replies":[{"embeddable":true,"href":"https:\/\/www.cronacaonline.it\/index.php\/wp-json\/wp\/v2\/comments?post=216182"}],"version-history":[{"count":1,"href":"https:\/\/www.cronacaonline.it\/index.php\/wp-json\/wp\/v2\/posts\/216182\/revisions"}],"predecessor-version":[{"id":216183,"href":"https:\/\/www.cronacaonline.it\/index.php\/wp-json\/wp\/v2\/posts\/216182\/revisions\/216183"}],"wp:featuredmedia":[{"embeddable":true,"href":"https:\/\/www.cronacaonline.it\/index.php\/wp-json\/wp\/v2\/media\/216181"}],"wp:attachment":[{"href":"https:\/\/www.cronacaonline.it\/index.php\/wp-json\/wp\/v2\/media?parent=216182"}],"wp:term":[{"taxonomy":"category","embeddable":true,"href":"https:\/\/www.cronacaonline.it\/index.php\/wp-json\/wp\/v2\/categories?post=216182"},{"taxonomy":"post_tag","embeddable":true,"href":"https:\/\/www.cronacaonline.it\/index.php\/wp-json\/wp\/v2\/tags?post=216182"}],"curies":[{"name":"wp","href":"https:\/\/api.w.org\/{rel}","templated":true}]}}