{"id":216177,"date":"2022-01-05T19:29:08","date_gmt":"2022-01-05T18:29:08","guid":{"rendered":"https:\/\/www.cronacaonline.it\/?p=216177"},"modified":"2022-01-05T19:29:10","modified_gmt":"2022-01-05T18:29:10","slug":"il-consiglio-comunale-di-cagliari-si-riunisce-martedi-11-gennaio-2022","status":"publish","type":"post","link":"https:\/\/www.cronacaonline.it\/index.php\/2022\/01\/05\/il-consiglio-comunale-di-cagliari-si-riunisce-martedi-11-gennaio-2022\/","title":{"rendered":"Il Consiglio comunale di Cagliari si riunisce marted\u00ec 11 gennaio 2022."},"content":{"rendered":"\n<p>Cagliari, 5 Gen 2022 - A firma del presidente Edoardo Tocco, il Consiglio comunale di Cagliari \u00e8 convocato l'11 gennaio 2022. Nella sede del Palazzo Civico, dalle ore 18,15 saranno cinque i punti all'ordine del giorno: al primo la proposta di deliberazione \u201cLavori di adeguamento della viabilit\u00e0 di accesso alla stazione di trasferimento dei rifiuti in localit\u00e0 San Lorenzo - Approvazione del progetto di fattibilit\u00e0 tecnica ed economica e contestuale adozione di variante allo strumento urbanistico generale - Apposizione di vincolo preordinato all'esproprio su aree private interessate dall'intervento\u201d.<\/p>\n\n\n\n<p>Dalle ore 17,30, invece, il sindaco e gli assessori, ciascuno secondo la delega di propria competenza, risponderanno alle interrogazioni dei consiglieri.<\/p>\n","protected":false},"excerpt":{"rendered":"<p>Cagliari, 5 Gen 2022 &#8211; A firma del presidente Edoardo Tocco, il Consiglio comunale di Cagliari \u00e8 convocato l&#8217;11 gennaio 2022. Nella sede del Palazzo&#8230;<\/p>\n","protected":false},"author":2,"featured_media":185672,"comment_status":"closed","ping_status":"open","sticky":false,"template":"","format":"standard","meta":[],"categories":[49,52],"tags":[],"_links":{"self":[{"href":"https:\/\/www.cronacaonline.it\/index.php\/wp-json\/wp\/v2\/posts\/216177"}],"collection":[{"href":"https:\/\/www.cronacaonline.it\/index.php\/wp-json\/wp\/v2\/posts"}],"about":[{"href":"https:\/\/www.cronacaonline.it\/index.php\/wp-json\/wp\/v2\/types\/post"}],"author":[{"embeddable":true,"href":"https:\/\/www.cronacaonline.it\/index.php\/wp-json\/wp\/v2\/users\/2"}],"replies":[{"embeddable":true,"href":"https:\/\/www.cronacaonline.it\/index.php\/wp-json\/wp\/v2\/comments?post=216177"}],"version-history":[{"count":1,"href":"https:\/\/www.cronacaonline.it\/index.php\/wp-json\/wp\/v2\/posts\/216177\/revisions"}],"predecessor-version":[{"id":216178,"href":"https:\/\/www.cronacaonline.it\/index.php\/wp-json\/wp\/v2\/posts\/216177\/revisions\/216178"}],"wp:featuredmedia":[{"embeddable":true,"href":"https:\/\/www.cronacaonline.it\/index.php\/wp-json\/wp\/v2\/media\/185672"}],"wp:attachment":[{"href":"https:\/\/www.cronacaonline.it\/index.php\/wp-json\/wp\/v2\/media?parent=216177"}],"wp:term":[{"taxonomy":"category","embeddable":true,"href":"https:\/\/www.cronacaonline.it\/index.php\/wp-json\/wp\/v2\/categories?post=216177"},{"taxonomy":"post_tag","embeddable":true,"href":"https:\/\/www.cronacaonline.it\/index.php\/wp-json\/wp\/v2\/tags?post=216177"}],"curies":[{"name":"wp","href":"https:\/\/api.w.org\/{rel}","templated":true}]}}