{"id":216166,"date":"2022-01-05T18:05:16","date_gmt":"2022-01-05T17:05:16","guid":{"rendered":"https:\/\/www.cronacaonline.it\/?p=216166"},"modified":"2022-01-05T18:05:17","modified_gmt":"2022-01-05T17:05:17","slug":"sanita-mura-pd-bisogna-rafforzare-territori-sardi-piu-deboli","status":"publish","type":"post","link":"https:\/\/www.cronacaonline.it\/index.php\/2022\/01\/05\/sanita-mura-pd-bisogna-rafforzare-territori-sardi-piu-deboli\/","title":{"rendered":"Sanit\u00e0: Mura (Pd), bisogna rafforzare territori sardi pi\u00f9 deboli."},"content":{"rendered":"\n<p>Cagliari, 5 Gen 2022 - \u201cPer ricostruire e potenziare la medicina di prossimit\u00e0 bisogna partire dalla domanda di sanit\u00e0 del territorio: ci sono servizi essenziali che non possono essere legati a meri calcoli\u00a0quantitativi. I\u00a0territori pi\u00f9 deboli devono essere rafforzati, investendo a partire dalla definizione dei livelli essenziali delle prestazioni e dei servizi\u201d. Lo ha detto oggi a Lanusei la presidente della commissione Lavoro della Camera Romina Mura (Pd) partecipando al presidio davanti all'ospedale Santa Maria della Mercede, nel comune di\u00a0Lanusei\u00a0con\u00a0il suo sindaco\u00a0Davide Burchi e gli altri sindaci dell\u2019Ogliastra,\u00a0che hanno protestato per il diritto alla salute.<\/p>\n\n\n\n<p>La parlamentare ha spiegato che \u201csi devono costruire le condizioni, anche retributive ma non solo,&nbsp;affinch\u00e9&nbsp;i&nbsp;professionisti&nbsp;della sanit\u00e0 scelgano di&nbsp;operare&nbsp;nei territori pi\u00f9 periferici e nei reparti pi\u00f9 difficili\u201d.<\/p>\n\n\n\n<p>\u201cLa sanit\u00e0 sarda \u2013 ha ricordato Mura - \u00e8&nbsp;competenza primaria della Regione Sardegna, ma il diritto alla salute \u00e8 garantito dalla&nbsp;Costituzione, e&nbsp;nei territori periferici sardi oggi non sono assicurati i livelli essenziali di assistenza.&nbsp;Spetta anche al&nbsp;Governo e&nbsp;al Parlamento farsi carico di interventi di riequilibrio e del superamento di sperequazioni:&nbsp;per questo - ha concluso -&nbsp;si deve aprire&nbsp;una nuova fase di politica e programmazione sanitaria condivisa tra la Regione, i sindaci e&nbsp;il&nbsp;Governo nazionale\u201d. Com<\/p>\n","protected":false},"excerpt":{"rendered":"<p>Cagliari, 5 Gen 2022 &#8211; \u201cPer ricostruire e potenziare la medicina di prossimit\u00e0 bisogna partire dalla domanda di sanit\u00e0 del territorio: ci sono servizi essenziali&#8230;<\/p>\n","protected":false},"author":2,"featured_media":216167,"comment_status":"closed","ping_status":"open","sticky":false,"template":"","format":"standard","meta":[],"categories":[49,52],"tags":[],"_links":{"self":[{"href":"https:\/\/www.cronacaonline.it\/index.php\/wp-json\/wp\/v2\/posts\/216166"}],"collection":[{"href":"https:\/\/www.cronacaonline.it\/index.php\/wp-json\/wp\/v2\/posts"}],"about":[{"href":"https:\/\/www.cronacaonline.it\/index.php\/wp-json\/wp\/v2\/types\/post"}],"author":[{"embeddable":true,"href":"https:\/\/www.cronacaonline.it\/index.php\/wp-json\/wp\/v2\/users\/2"}],"replies":[{"embeddable":true,"href":"https:\/\/www.cronacaonline.it\/index.php\/wp-json\/wp\/v2\/comments?post=216166"}],"version-history":[{"count":1,"href":"https:\/\/www.cronacaonline.it\/index.php\/wp-json\/wp\/v2\/posts\/216166\/revisions"}],"predecessor-version":[{"id":216168,"href":"https:\/\/www.cronacaonline.it\/index.php\/wp-json\/wp\/v2\/posts\/216166\/revisions\/216168"}],"wp:featuredmedia":[{"embeddable":true,"href":"https:\/\/www.cronacaonline.it\/index.php\/wp-json\/wp\/v2\/media\/216167"}],"wp:attachment":[{"href":"https:\/\/www.cronacaonline.it\/index.php\/wp-json\/wp\/v2\/media?parent=216166"}],"wp:term":[{"taxonomy":"category","embeddable":true,"href":"https:\/\/www.cronacaonline.it\/index.php\/wp-json\/wp\/v2\/categories?post=216166"},{"taxonomy":"post_tag","embeddable":true,"href":"https:\/\/www.cronacaonline.it\/index.php\/wp-json\/wp\/v2\/tags?post=216166"}],"curies":[{"name":"wp","href":"https:\/\/api.w.org\/{rel}","templated":true}]}}