{"id":216135,"date":"2022-01-05T10:09:55","date_gmt":"2022-01-05T09:09:55","guid":{"rendered":"https:\/\/www.cronacaonline.it\/?p=216135"},"modified":"2022-01-05T10:09:57","modified_gmt":"2022-01-05T09:09:57","slug":"pd-criticita-nella-prenotazione-dei-vaccini-sono-rilevate-un-po-in-tutta-lisola-ma-in-particolare-riguardano-il-centro-del-medio-campidano","status":"publish","type":"post","link":"https:\/\/www.cronacaonline.it\/index.php\/2022\/01\/05\/pd-criticita-nella-prenotazione-dei-vaccini-sono-rilevate-un-po-in-tutta-lisola-ma-in-particolare-riguardano-il-centro-del-medio-campidano\/","title":{"rendered":"PD: Criticit\u00e0 nella prenotazione dei vaccini sono rilevate un po\u2019 in tutta l\u2019isola ma in particolare riguardano il centro del Medio Campidano."},"content":{"rendered":"\n<p>Cagliari, 5 Gen 2022 - \u201c\u00c8 abbastanza strano \u2013 afferma in una nota la consigliera regionale del Pd Rossella Pinna, prima firmataria dell\u2019interrogazione depositata in consiglio Regionale dal gruppo del Partito Democratico - che le prenotazioni per il vaccino anti Covid, terza dose inclusa, rinviino l\u2019appuntamento addirittura al mese di marzo, come nel centro del Medio Campidano. Questo accade ancora oggi, a due anni di pandemia e in piena recrudescenza dei contagi in tutta l\u2019Isola ed \u00e8 certamente un fenomeno preoccupante, visto che le rianimazioni sfiorano il 20% di occupazione da pazienti Covid.\u201d\u00a0<\/p>\n\n\n\n<p>Considerata l\u2019alta contagiosit\u00e0 della variante Omicron che riesce a \u201cbucare\u201d le due dosi vaccinali e pu\u00f2 avere manifestazioni molto severe nei contagiati non ancora vaccinati e soprattutto nei bambini pu\u00f2 essere veicolo per un allargamento ulteriore del contagio, \u00e8 certamente&nbsp; necessario procedere il pi\u00f9 celermente possibile sia alla somministrazione delle dosi booster allo scopo di scongiurare pesanti conseguenze causate dalla diffusione del virus per le persone colpite e per il sistema sanitario gi\u00e0 in evidente sofferenza, che alla somministrazione delle dosi ai minori tra i 5 e 12 anni;<\/p>\n\n\n\n<p>\u201cRiceviamo quotidianamente numerose segnalazioni dai cittadini da tutta l\u2019Isola che lamentano l\u2019impossibilit\u00e0 ad aderire alla terza dose a causa della indisponibilit\u00e0 di date a breve termine sia per i booster che per le vaccinazioni dei minori dai 5 ai 12 anni. Considerato che al momento l\u2019approvvigionamento dei vaccini non risulta aver subito ritardi e che la disponibilit\u00e0 delle dosi \u00e8 garantita in maniera sufficiente, l\u2019Interrogazione dei democratici intende sollecitare la Giunta Regionale ad aumentare la \u201cpotenza di fuoco\u201d della macchina vaccinale per aumentare il ritmo delle vaccinazioni.\u201d<\/p>\n\n\n\n<p>Le difficolt\u00e0 dei centri vaccinali a far fronte alle richieste in questo scorcio di inizio anno non permettono di mettere al sicuro il rientro e la permanenza a scuola dei ragazzi e per questo motivo sarebbe auspicabile l\u2019attivazione urgente, su tutto il territorio regionale e di concerto con le amministrazioni locali e le nuove Asl, di giornate di vaccinazione \u201cOpen day\u201d con particolare riguardo ai bambini sotto i 12 anni. Com<\/p>\n","protected":false},"excerpt":{"rendered":"<p>Cagliari, 5 Gen 2022 &#8211; \u201c\u00c8 abbastanza strano \u2013 afferma in una nota la consigliera regionale del Pd Rossella Pinna, prima firmataria dell\u2019interrogazione depositata in&#8230;<\/p>\n","protected":false},"author":2,"featured_media":125893,"comment_status":"closed","ping_status":"open","sticky":false,"template":"","format":"standard","meta":[],"categories":[49,52],"tags":[],"_links":{"self":[{"href":"https:\/\/www.cronacaonline.it\/index.php\/wp-json\/wp\/v2\/posts\/216135"}],"collection":[{"href":"https:\/\/www.cronacaonline.it\/index.php\/wp-json\/wp\/v2\/posts"}],"about":[{"href":"https:\/\/www.cronacaonline.it\/index.php\/wp-json\/wp\/v2\/types\/post"}],"author":[{"embeddable":true,"href":"https:\/\/www.cronacaonline.it\/index.php\/wp-json\/wp\/v2\/users\/2"}],"replies":[{"embeddable":true,"href":"https:\/\/www.cronacaonline.it\/index.php\/wp-json\/wp\/v2\/comments?post=216135"}],"version-history":[{"count":1,"href":"https:\/\/www.cronacaonline.it\/index.php\/wp-json\/wp\/v2\/posts\/216135\/revisions"}],"predecessor-version":[{"id":216136,"href":"https:\/\/www.cronacaonline.it\/index.php\/wp-json\/wp\/v2\/posts\/216135\/revisions\/216136"}],"wp:featuredmedia":[{"embeddable":true,"href":"https:\/\/www.cronacaonline.it\/index.php\/wp-json\/wp\/v2\/media\/125893"}],"wp:attachment":[{"href":"https:\/\/www.cronacaonline.it\/index.php\/wp-json\/wp\/v2\/media?parent=216135"}],"wp:term":[{"taxonomy":"category","embeddable":true,"href":"https:\/\/www.cronacaonline.it\/index.php\/wp-json\/wp\/v2\/categories?post=216135"},{"taxonomy":"post_tag","embeddable":true,"href":"https:\/\/www.cronacaonline.it\/index.php\/wp-json\/wp\/v2\/tags?post=216135"}],"curies":[{"name":"wp","href":"https:\/\/api.w.org\/{rel}","templated":true}]}}