{"id":216112,"date":"2022-01-04T10:04:12","date_gmt":"2022-01-04T09:04:12","guid":{"rendered":"https:\/\/www.cronacaonline.it\/?p=216112"},"modified":"2022-01-04T10:04:17","modified_gmt":"2022-01-04T09:04:17","slug":"scuola-nessun-rinvio-e-si-rientra-il-10-gennaio-prossimo-inoltre-si-va-verso-il-super-green-pass-per-il-lavoro","status":"publish","type":"post","link":"https:\/\/www.cronacaonline.it\/index.php\/2022\/01\/04\/scuola-nessun-rinvio-e-si-rientra-il-10-gennaio-prossimo-inoltre-si-va-verso-il-super-green-pass-per-il-lavoro\/","title":{"rendered":"Scuola, nessun rinvio e si rientra il 10 Gennaio prossimo. Inoltre si va verso il super Green pass per il lavoro."},"content":{"rendered":"\n<p>Roma, 4 Gen 2022 - Nessuno slittamento, gli studenti italiani torneranno a scuola il 10 gennaio, come previsto. La quarta ondata della pandemia non accenna a placarsi ma il governo mantiene la linea rigorosa e conferma il calendario scolastico, seppure probabilmente con alcune modifiche almeno per quanto riguarda quarantene e distinzioni tra vaccinati e non nelle classi. Le Regioni spingono per eliminare il distinguo e, nel contempo, aumentare la soglia di positivi superata la quale le classi finiscono in Dad. Intanto, nuove riunioni tecniche a palazzo Chigi in vista di quella che appare sempre pi\u00f9 una certezza, ovvero l'estensione del super Green pass al lavoro. Un tema piuttosto complesso, soprattutto per quanto riguarda il mondo del privato. Per questo cresce l'attesa per il consiglio dei ministri di mercoled\u00ec, quando le ipotesi potrebbero diventare realt\u00e0, forse gi\u00e0 da febbraio.\u00a0<\/p>\n\n\n\n<p>Governatori e sindaci hanno espresso preoccupazione in vista della riapertura delle scuole, dove stanno comunque gi\u00e0 arrivando le prime forniture di mascherine ffp2. Il governatore della Campania, Vincenzo De Luca, ha addirittura proposto di rimandare di 20-30 la ripresa delle lezioni in presenza per \"raffreddare il contagio\". Un'idea che ha trovato d'accordo anche il presidente della Toscana, Eugenio Giani, e quello del Veneto Zaia, seppur con qualche riserva. A chiudere definitivamente le porte alla proposta \u00e8 per\u00f2 palazzo Chigi, la cui linea - ribadita pi\u00f9 volte nei giorni scorsi dal ministro dell'Istruzione, Patrizio Bianchi - \u00e8 quella di&nbsp;tenere aperte le scuole e relegare la didattica a distanza solo alle strette necessit\u00e0.&nbsp;&nbsp;Proprio per questo, a sette giorni dal rientro in classe, le Regioni provano a mitigare preoccupazioni e necessit\u00e0 lanciandola proposta di eliminare la distinzione - definita \"discriminatoria\" da pi\u00f9 parti, presidi compresi - tra vaccinati e non. In vista della Commissione Salute che si riunir\u00e0 domani, l'idea \u00e8 quella di rivedere la definizione di un numero minimo di contagi in classe, che permetta indistintamente a tutti gli alunni di andare in Dad.<\/p>\n\n\n\n<p>Al momento, su quest'ultimo aspetto l'ipotesi \u00e8 di valutare tre o quattro contagi e, sotto questa cifra, prevedere l'auto sorveglianza per tutti. Il tema del rientro \u00e8 anche al centro del confronto tra i governatori nella Conferenza delle Regioni e nell'incontro in programma tra il ministro Bianchi e i sindacati.&nbsp;&nbsp;Resta poi il nodo dell'estensione del super Green pass sul lavoro, considerato che sul tema al momento non c'\u00e8 convergenza all'interno della maggioranza, con una linea pi\u00f9 rigorista e favorevole espressa da Pd, Leu e Forza Italia e le criticit\u00e0 espresse invece da lega e M5s contrari al provvedimento. I tempi stringono e una decisione, soprattutto in vista di una probabile impennata di casi dopo le ferie natalizie, dovr\u00e0 essere presa nei prossimi giorni per poi partire gi\u00e0 dal prossimo mese, dando il tempo a chi non lo ha gi\u00e0 fatto di vaccinarsi o completare il ciclo con seconda dose o booster.<\/p>\n\n\n\n<p>Vaccino obbligatorio per tutti, non solo per i lavoratori. \u00c8 quanto chiede in un'intervista a&nbsp;Repubblica&nbsp;il segretario generale della Cgil Maurizio Landini che considera \"insufficiente\" l'obbligo ai soli luoghi di lavoro. \"La recrudescenza del virus impone al governo un'assunzione di responsabilit\u00e0\", afferma.&nbsp;&nbsp;La profilassi deve essere resa obbligatoria per tutti, secondo Landini, \"perch\u00e9 il virus riguarda tutti\", e non solo i lavoratori. Dopotutto, prosegue, \"i luoghi di lavoro, grazie ai protocolli che abbiamo firmato con il governo e le aziende, non sono risultati focolai della trasmissione del virus\".&nbsp;&nbsp;La trasmissione del virus, sostiene il sindacalista, \"avviene fuori dai posti di lavoro, sui mezzi di trasporto pubblici, nei luoghi affollati\".&nbsp;&nbsp;Il numero uno della Cgil chiede anche di \"cancellare con una legge tutte quelle forme di lavoro precario ingiustificato, dal lavoro a chiamata alle finte partite Iva\". Queste devono essere sostituite, per Landini, \"con un unico contratto di ingresso al lavoro fondato sulla formazione e che punti alla stabilit\u00e0 del rapporto di lavoro\".<\/p>\n","protected":false},"excerpt":{"rendered":"<p>Roma, 4 Gen 2022 &#8211; Nessuno slittamento, gli studenti italiani torneranno a scuola il 10 gennaio, come previsto. La quarta ondata della pandemia non accenna&#8230;<\/p>\n","protected":false},"author":2,"featured_media":204805,"comment_status":"closed","ping_status":"open","sticky":false,"template":"","format":"standard","meta":[],"categories":[49,50],"tags":[],"_links":{"self":[{"href":"https:\/\/www.cronacaonline.it\/index.php\/wp-json\/wp\/v2\/posts\/216112"}],"collection":[{"href":"https:\/\/www.cronacaonline.it\/index.php\/wp-json\/wp\/v2\/posts"}],"about":[{"href":"https:\/\/www.cronacaonline.it\/index.php\/wp-json\/wp\/v2\/types\/post"}],"author":[{"embeddable":true,"href":"https:\/\/www.cronacaonline.it\/index.php\/wp-json\/wp\/v2\/users\/2"}],"replies":[{"embeddable":true,"href":"https:\/\/www.cronacaonline.it\/index.php\/wp-json\/wp\/v2\/comments?post=216112"}],"version-history":[{"count":1,"href":"https:\/\/www.cronacaonline.it\/index.php\/wp-json\/wp\/v2\/posts\/216112\/revisions"}],"predecessor-version":[{"id":216113,"href":"https:\/\/www.cronacaonline.it\/index.php\/wp-json\/wp\/v2\/posts\/216112\/revisions\/216113"}],"wp:featuredmedia":[{"embeddable":true,"href":"https:\/\/www.cronacaonline.it\/index.php\/wp-json\/wp\/v2\/media\/204805"}],"wp:attachment":[{"href":"https:\/\/www.cronacaonline.it\/index.php\/wp-json\/wp\/v2\/media?parent=216112"}],"wp:term":[{"taxonomy":"category","embeddable":true,"href":"https:\/\/www.cronacaonline.it\/index.php\/wp-json\/wp\/v2\/categories?post=216112"},{"taxonomy":"post_tag","embeddable":true,"href":"https:\/\/www.cronacaonline.it\/index.php\/wp-json\/wp\/v2\/tags?post=216112"}],"curies":[{"name":"wp","href":"https:\/\/api.w.org\/{rel}","templated":true}]}}