{"id":216094,"date":"2022-01-03T15:10:40","date_gmt":"2022-01-03T14:10:40","guid":{"rendered":"https:\/\/www.cronacaonline.it\/?p=216094"},"modified":"2022-01-03T15:10:42","modified_gmt":"2022-01-03T14:10:42","slug":"sanita-lassessore-mario-nieddu-incontra-i-nuovi-direttori-generali-dobbiamo-lavorare-compatti-verso-gli-obiettivi","status":"publish","type":"post","link":"https:\/\/www.cronacaonline.it\/index.php\/2022\/01\/03\/sanita-lassessore-mario-nieddu-incontra-i-nuovi-direttori-generali-dobbiamo-lavorare-compatti-verso-gli-obiettivi\/","title":{"rendered":"Sanit\u00e0, l&#8217;assessore Mario Nieddu incontra i nuovi direttori generali: &#8220;dobbiamo lavorare compatti verso gli obiettivi&#8221;."},"content":{"rendered":"\n<p>Cagliari, 3 Gen 2022 -\u00a0Si \u00e8 tenuto oggi a Cagliari il primo incontro tra l'assessore regionale della Sanit\u00e0, Mario Nieddu, e i nuovi direttori generali delle aziende sanitarie della Sardegna, nominati dalla Giunta Solinas. \"Una squadra - ha detto l'assessore Nieddu in apertura del vertice, ricordando le parole del Presidente Solinas - scelta sulla base dei curricula e delle competenze di alto livello espresse, che dovr\u00e0 marciare compatta verso gli obiettivi\".<\/p>\n\n\n\n<p>La nomina dei direttori generali da parte dell'esecutivo regionale ha segnato la fine della gestione commissariale necessaria ad attuare il nuovo assetto delle aziende sanitarie cos\u00ec come definito dalla legge di riforma: l'Ares, Azienda regionale della salute, otto Asl, aziende socio-sanitarie locali, le due aziende ospedaliero-universitarie di Cagliari e Sassari, l'azienda di rilevanza nazionale e alta specializzazione, Arnas G. Brotzu, e l'Areus, azienda regionale per l'emergenza e urgenza.<\/p>\n\n\n\n<p>L'assessore ha proseguito il suo intervento richiamando alla necessit\u00e0 di un lavoro unitario: \"Siamo all'alba di un cambio radicale delle direzioni della sanit\u00e0 nella nostra Isola e oggi pi\u00f9 che mai \u00e8 fondamentale che le aziende lavorino in una logica di sistema. Una pluralit\u00e0 di aziende che dovranno funzionare come un sistema di vasi comunicanti in cui dovr\u00e0 esserci sempre la massima collaborazione da parte di tutti\". Subito al lavoro quindi, \"Abbiamo davanti sfide importanti e un'emergenza pandemica che non \u00e8 ancora conclusa. Il sistema sanitario deve garantire assistenza e cure ovunque e la sanit\u00e0 sarda deve viaggiare a una sola velocit\u00e0\", ha concluso l'assessore.&nbsp;Com<\/p>\n","protected":false},"excerpt":{"rendered":"<p>Cagliari, 3 Gen 2022 &#8211;\u00a0Si \u00e8 tenuto oggi a Cagliari il primo incontro tra l&#8217;assessore regionale della Sanit\u00e0, Mario Nieddu, e i nuovi direttori generali&#8230;<\/p>\n","protected":false},"author":2,"featured_media":216095,"comment_status":"closed","ping_status":"open","sticky":false,"template":"","format":"standard","meta":[],"categories":[49,52],"tags":[],"_links":{"self":[{"href":"https:\/\/www.cronacaonline.it\/index.php\/wp-json\/wp\/v2\/posts\/216094"}],"collection":[{"href":"https:\/\/www.cronacaonline.it\/index.php\/wp-json\/wp\/v2\/posts"}],"about":[{"href":"https:\/\/www.cronacaonline.it\/index.php\/wp-json\/wp\/v2\/types\/post"}],"author":[{"embeddable":true,"href":"https:\/\/www.cronacaonline.it\/index.php\/wp-json\/wp\/v2\/users\/2"}],"replies":[{"embeddable":true,"href":"https:\/\/www.cronacaonline.it\/index.php\/wp-json\/wp\/v2\/comments?post=216094"}],"version-history":[{"count":1,"href":"https:\/\/www.cronacaonline.it\/index.php\/wp-json\/wp\/v2\/posts\/216094\/revisions"}],"predecessor-version":[{"id":216096,"href":"https:\/\/www.cronacaonline.it\/index.php\/wp-json\/wp\/v2\/posts\/216094\/revisions\/216096"}],"wp:featuredmedia":[{"embeddable":true,"href":"https:\/\/www.cronacaonline.it\/index.php\/wp-json\/wp\/v2\/media\/216095"}],"wp:attachment":[{"href":"https:\/\/www.cronacaonline.it\/index.php\/wp-json\/wp\/v2\/media?parent=216094"}],"wp:term":[{"taxonomy":"category","embeddable":true,"href":"https:\/\/www.cronacaonline.it\/index.php\/wp-json\/wp\/v2\/categories?post=216094"},{"taxonomy":"post_tag","embeddable":true,"href":"https:\/\/www.cronacaonline.it\/index.php\/wp-json\/wp\/v2\/tags?post=216094"}],"curies":[{"name":"wp","href":"https:\/\/api.w.org\/{rel}","templated":true}]}}