{"id":216092,"date":"2022-01-03T15:07:34","date_gmt":"2022-01-03T14:07:34","guid":{"rendered":"https:\/\/www.cronacaonline.it\/?p=216092"},"modified":"2022-01-03T15:07:35","modified_gmt":"2022-01-03T14:07:35","slug":"air-italy-lassessore-zedda-governo-convochi-subito-regioni-e-sindacati","status":"publish","type":"post","link":"https:\/\/www.cronacaonline.it\/index.php\/2022\/01\/03\/air-italy-lassessore-zedda-governo-convochi-subito-regioni-e-sindacati\/","title":{"rendered":"Air Italy, l\u2019assessore Zedda: \u201cgoverno convochi subito regioni e sindacati\u201d."},"content":{"rendered":"\n<p>Cagliari, 3 gennaio 2022 \u2013\u00a0\u201cAbbiamo appena avuto il tempo di augurare un anno di speranza e lavoro a tutti i sardi, che la propriet\u00e0 di Air Italy ha mandato le lettere di licenziamento ai dipendenti. Un\u2019ipotesi che abbiamo cercato di scongiurare fino all\u2019ultimo, usando il dialogo, cercando di attivare ogni strumento utile perch\u00e9 la cassa integrazione potesse essere prorogata e avanzando alla propriet\u00e0 proposte concrete. Oggi alla preoccupazione per i lavoratori si aggiunge tanta amarezza perch\u00e9 quelle lettere datate 2 gennaio 2022 rappresentano uno schiaffo istituzionale al Governo, alle regioni Sardegna e Lombardia ma soprattutto ai 1.322 famiglie\u201d. Lo ha detto l\u2019Assessore regionale del Lavoro, Alessandra Zedda, dopo aver appreso dell\u2019arrivo delle prime lettere di licenziamento collettivo.<\/p>\n\n\n\n<p>\u201cOra chiediamo ai ministri coinvolti di convocare con la massima urgenza le Regioni e i sindacati con l\u2019obiettivo di costruire il futuro dei lavoratori: occorre agire tempestivamente per allontanare lo spettro della Naspi \u2013 ha continuato l\u2019esponente della Giunta Sarda -&nbsp;&nbsp;Abbiamo il dovere di mettere insieme le misure necessarie a mantenere attivi i lavoratori e tutelare e valorizzare le loro competenze e professionalit\u00e0 affinch\u00e9 possano rientrare nel mercato del lavoro e in particolare in quello del trasporto aereo. La Regione Sardegna \u00e8 pronta a fare la sua parte\u201d. Red<\/p>\n","protected":false},"excerpt":{"rendered":"<p>Cagliari, 3 gennaio 2022 \u2013\u00a0\u201cAbbiamo appena avuto il tempo di augurare un anno di speranza e lavoro a tutti i sardi, che la propriet\u00e0 di&#8230;<\/p>\n","protected":false},"author":2,"featured_media":215618,"comment_status":"closed","ping_status":"open","sticky":false,"template":"","format":"standard","meta":[],"categories":[49,52],"tags":[],"_links":{"self":[{"href":"https:\/\/www.cronacaonline.it\/index.php\/wp-json\/wp\/v2\/posts\/216092"}],"collection":[{"href":"https:\/\/www.cronacaonline.it\/index.php\/wp-json\/wp\/v2\/posts"}],"about":[{"href":"https:\/\/www.cronacaonline.it\/index.php\/wp-json\/wp\/v2\/types\/post"}],"author":[{"embeddable":true,"href":"https:\/\/www.cronacaonline.it\/index.php\/wp-json\/wp\/v2\/users\/2"}],"replies":[{"embeddable":true,"href":"https:\/\/www.cronacaonline.it\/index.php\/wp-json\/wp\/v2\/comments?post=216092"}],"version-history":[{"count":1,"href":"https:\/\/www.cronacaonline.it\/index.php\/wp-json\/wp\/v2\/posts\/216092\/revisions"}],"predecessor-version":[{"id":216093,"href":"https:\/\/www.cronacaonline.it\/index.php\/wp-json\/wp\/v2\/posts\/216092\/revisions\/216093"}],"wp:featuredmedia":[{"embeddable":true,"href":"https:\/\/www.cronacaonline.it\/index.php\/wp-json\/wp\/v2\/media\/215618"}],"wp:attachment":[{"href":"https:\/\/www.cronacaonline.it\/index.php\/wp-json\/wp\/v2\/media?parent=216092"}],"wp:term":[{"taxonomy":"category","embeddable":true,"href":"https:\/\/www.cronacaonline.it\/index.php\/wp-json\/wp\/v2\/categories?post=216092"},{"taxonomy":"post_tag","embeddable":true,"href":"https:\/\/www.cronacaonline.it\/index.php\/wp-json\/wp\/v2\/tags?post=216092"}],"curies":[{"name":"wp","href":"https:\/\/api.w.org\/{rel}","templated":true}]}}