{"id":216083,"date":"2022-01-03T11:16:12","date_gmt":"2022-01-03T10:16:12","guid":{"rendered":"https:\/\/www.cronacaonline.it\/?p=216083"},"modified":"2022-01-03T11:16:14","modified_gmt":"2022-01-03T10:16:14","slug":"covid-da-oggi-meta-italia-e-in-zona-gialla-la-liguria-rischia-larancione","status":"publish","type":"post","link":"https:\/\/www.cronacaonline.it\/index.php\/2022\/01\/03\/covid-da-oggi-meta-italia-e-in-zona-gialla-la-liguria-rischia-larancione\/","title":{"rendered":"Covid, da oggi met\u00e0 Italia \u00e8 in zona gialla, la Liguria rischia l&#8217;arancione."},"content":{"rendered":"\n<p>Roma, 3 Gen 2022 - Lombardia, Lazio, Piemonte e Sicilia da oggi passano dalla zona bianca a quella gialla, aggiungendosi a Liguria, Marche, Veneto, Friuli Venezia Giulia, Calabria e alle province autonome di Trento e Bolzano.<\/p>\n\n\n\n<p>Nessun cambiamento sostanziale nella quotidianit\u00e0, fatta eccezione per l'uso obbligatorio delle mascherine all'aperto - peraltro gi\u00e0 stabilito dal Governo fino al 6 gennaio come misura di prevenzione in vista delle festivit\u00e0 natalizie. Nessuna restrizione agli spostamenti, n\u00e9 alle attivit\u00e0 commerciali e produttive che potranno andare avanti seguendo le regole gi\u00e0 in vigore.<\/p>\n\n\n\n<p>In buona sostanza il passaggio dal bianco al giallo, che avviene per il peggioramento di tre indicatori sanitari (incidenza, ricoveri ordinari e terapie intensive), ha il valore di avvertire la popolazione al rispetto rigido delle regole del distanziamento per evitare un ulteriore peggioramento nella diffusione dei contagi.<\/p>\n\n\n\n<p>Solo per le regioni che come la Liguria potrebbero passare in arancione dal 10 gennaio ci potrebbe essere la novit\u00e0 dell'obbligo di esibire il certificato verde (anche ottenuto tramite tampone) per uscire dai Comuni con pi\u00f9 di 5mila abitanti.<\/p>\n\n\n\n<p>Per cercare di&nbsp;mitigare l'impennata dei contagi&nbsp;(sono pi\u00f9 di un milione i positivi e sono ancora 5,5 milioni&nbsp;gli italiani over 12 non vaccinati) e non paralizzare le attivit\u00e0 produttive, il governo pensa a una una nuova stretta. Nel Consiglio dei ministri (che si dovrebbe tenere il 5 gennaio) il premier Mario Draghi tenter\u00e0 una nuova mediazione tra le forze politiche per arrivare all'estensione del Super green pass al mondo del lavoro. Al momento appare difficile distinguere per categorie soggettive, come ad esempio tutti i lavoratori della Pubblica amministrazione&nbsp;o tutti i privati. Un\u2019altra criticit\u00e0 potrebbe essere quella dell\u2019estensione del lasciapassare rafforzato a chi lavora nei&nbsp;Tribunali, ad esempio, che rischierebbe di creare non pochi grattacapi al&nbsp;sistema dei processi.<\/p>\n\n\n\n<p>\ufeffL'altro nodo sul tavolo dell'esecutivo, la scuola: l'ipotesi \u00e8 quella&nbsp;di limitare la Dad ai non vaccinati in caso di due contagiati in classe. Domani \u00e8 previsto un nuovo incontro con le organizzazioni sindacali. Il nuovo decreto dovrebbe entrare in vigore gi\u00e0 il 10 gennaio.<\/p>\n","protected":false},"excerpt":{"rendered":"<p>Roma, 3 Gen 2022 &#8211; Lombardia, Lazio, Piemonte e Sicilia da oggi passano dalla zona bianca a quella gialla, aggiungendosi a Liguria, Marche, Veneto, Friuli&#8230;<\/p>\n","protected":false},"author":2,"featured_media":209666,"comment_status":"closed","ping_status":"open","sticky":false,"template":"","format":"standard","meta":[],"categories":[49,50],"tags":[],"_links":{"self":[{"href":"https:\/\/www.cronacaonline.it\/index.php\/wp-json\/wp\/v2\/posts\/216083"}],"collection":[{"href":"https:\/\/www.cronacaonline.it\/index.php\/wp-json\/wp\/v2\/posts"}],"about":[{"href":"https:\/\/www.cronacaonline.it\/index.php\/wp-json\/wp\/v2\/types\/post"}],"author":[{"embeddable":true,"href":"https:\/\/www.cronacaonline.it\/index.php\/wp-json\/wp\/v2\/users\/2"}],"replies":[{"embeddable":true,"href":"https:\/\/www.cronacaonline.it\/index.php\/wp-json\/wp\/v2\/comments?post=216083"}],"version-history":[{"count":1,"href":"https:\/\/www.cronacaonline.it\/index.php\/wp-json\/wp\/v2\/posts\/216083\/revisions"}],"predecessor-version":[{"id":216084,"href":"https:\/\/www.cronacaonline.it\/index.php\/wp-json\/wp\/v2\/posts\/216083\/revisions\/216084"}],"wp:featuredmedia":[{"embeddable":true,"href":"https:\/\/www.cronacaonline.it\/index.php\/wp-json\/wp\/v2\/media\/209666"}],"wp:attachment":[{"href":"https:\/\/www.cronacaonline.it\/index.php\/wp-json\/wp\/v2\/media?parent=216083"}],"wp:term":[{"taxonomy":"category","embeddable":true,"href":"https:\/\/www.cronacaonline.it\/index.php\/wp-json\/wp\/v2\/categories?post=216083"},{"taxonomy":"post_tag","embeddable":true,"href":"https:\/\/www.cronacaonline.it\/index.php\/wp-json\/wp\/v2\/tags?post=216083"}],"curies":[{"name":"wp","href":"https:\/\/api.w.org\/{rel}","templated":true}]}}