{"id":216070,"date":"2022-01-02T08:39:02","date_gmt":"2022-01-02T07:39:02","guid":{"rendered":"https:\/\/www.cronacaonline.it\/?p=216070"},"modified":"2022-01-02T08:39:04","modified_gmt":"2022-01-02T07:39:04","slug":"in-tutta-la-nazione-un-milione-di-positivi-da-domani-altre-4-regioni-vanno-in-giallo","status":"publish","type":"post","link":"https:\/\/www.cronacaonline.it\/index.php\/2022\/01\/02\/in-tutta-la-nazione-un-milione-di-positivi-da-domani-altre-4-regioni-vanno-in-giallo\/","title":{"rendered":"In tutta la nazione un milione di positivi: da domani altre 4 regioni vanno in giallo."},"content":{"rendered":"\n<p>Roma, 2 Gen 2022 - Sono 141.262 i test positivi al Covid registrati in Italia nelle ultime 24 ore a fronte di 1.084.295 i tamponi molecolari e antigenici: sale il tasso di positivit\u00e0 che si attesta al 13%, in aumento rispetto all'11,78% registrato ieri. Le vittime sono 111, ieri erano state 155. Negli ultimi 7 giorni ci sono stati 983 decessi, in diminuzione del -0,3% rispetto alla settimana precedente.\u00a0<\/p>\n\n\n\n<p>Con i dati diffusi di ieri dunque oltre un milione di italiani \u00e8 positivo al Covid, con la pressione ospedaliera che cresce di giorno in giorno e che porter\u00e0, da domani, nove regioni e le due province autonome di Trento e Bolzano a colorarsi di giallo.&nbsp;<\/p>\n\n\n\n<p>Numeri mai registrati da inizio pandemia, ai quali si aggiungono quelli dell'Istituto Superiore di Sanit\u00e0, che parla di un'impennata di casi soprattutto negli under 19, quella fascia di et\u00e0 ancora in piena fase di vaccinazione. E proprio la campagna vaccinale sembra ormai in una fase di stallo per quanto riguarda le prime dosi: in una settimana infatti - esclusi i bimbi tra i 5 e gli 11 anni - ne sono state somministrate appena 122 mila, con 5,5 milioni di italiani&nbsp;ancora senza inoculazione.&nbsp;<\/p>\n\n\n\n<p>Si tratta di dati che, presumibilmente, lieviteranno ancora nei prossimi giorni, quando si faranno sentire i postumi delle festivit\u00e0. Al momento l'unica certezza \u00e8 che da luned\u00ec quattro nuove regioni (Lombardia, Piemonte, Lazio e Sicilia) raggiungeranno in zona gialla Calabria, Friuli Venezia-Giulia, Liguria, Marche, Veneto, Bolzano e Trento. Un passaggio che, con l'obbligo della mascherina all'aperto disposto dall'ultimo decreto, non cambier\u00e0 sostanzialmente niente, ma che fa risuonare un campanello d'allarme sulla situazione negli ospedali.&nbsp;<\/p>\n\n\n\n<p>Una \"raccomandazione\", per cos\u00ec dire, a rispettare le norme per evitare la zona arancione che, invece, si tradurrebbe in divieti e restrizioni in particolare per i non vaccinati.&nbsp;&nbsp;L'unico argine alla diffusione del virus, che in Italia per il 21% \u00e8 rappresentato dalla variante Omicron, resta il vaccino, sulla cui estensione dell'obbligatoriet\u00e0 in tutti i luoghi di lavoro si stanno interrogando le forze politiche.&nbsp;Com<\/p>\n","protected":false},"excerpt":{"rendered":"<p>Roma, 2 Gen 2022 &#8211; Sono 141.262 i test positivi al Covid registrati in Italia nelle ultime 24 ore a fronte di 1.084.295 i tamponi&#8230;<\/p>\n","protected":false},"author":2,"featured_media":212246,"comment_status":"closed","ping_status":"open","sticky":false,"template":"","format":"standard","meta":[],"categories":[49,50],"tags":[],"_links":{"self":[{"href":"https:\/\/www.cronacaonline.it\/index.php\/wp-json\/wp\/v2\/posts\/216070"}],"collection":[{"href":"https:\/\/www.cronacaonline.it\/index.php\/wp-json\/wp\/v2\/posts"}],"about":[{"href":"https:\/\/www.cronacaonline.it\/index.php\/wp-json\/wp\/v2\/types\/post"}],"author":[{"embeddable":true,"href":"https:\/\/www.cronacaonline.it\/index.php\/wp-json\/wp\/v2\/users\/2"}],"replies":[{"embeddable":true,"href":"https:\/\/www.cronacaonline.it\/index.php\/wp-json\/wp\/v2\/comments?post=216070"}],"version-history":[{"count":1,"href":"https:\/\/www.cronacaonline.it\/index.php\/wp-json\/wp\/v2\/posts\/216070\/revisions"}],"predecessor-version":[{"id":216071,"href":"https:\/\/www.cronacaonline.it\/index.php\/wp-json\/wp\/v2\/posts\/216070\/revisions\/216071"}],"wp:featuredmedia":[{"embeddable":true,"href":"https:\/\/www.cronacaonline.it\/index.php\/wp-json\/wp\/v2\/media\/212246"}],"wp:attachment":[{"href":"https:\/\/www.cronacaonline.it\/index.php\/wp-json\/wp\/v2\/media?parent=216070"}],"wp:term":[{"taxonomy":"category","embeddable":true,"href":"https:\/\/www.cronacaonline.it\/index.php\/wp-json\/wp\/v2\/categories?post=216070"},{"taxonomy":"post_tag","embeddable":true,"href":"https:\/\/www.cronacaonline.it\/index.php\/wp-json\/wp\/v2\/tags?post=216070"}],"curies":[{"name":"wp","href":"https:\/\/api.w.org\/{rel}","templated":true}]}}