{"id":216021,"date":"2021-12-30T15:16:01","date_gmt":"2021-12-30T14:16:01","guid":{"rendered":"https:\/\/www.cronacaonline.it\/?p=216021"},"modified":"2021-12-30T15:16:03","modified_gmt":"2021-12-30T14:16:03","slug":"destinazione-sardegna-lavoro-pubblicato-lavviso-per-il-2021","status":"publish","type":"post","link":"https:\/\/www.cronacaonline.it\/index.php\/2021\/12\/30\/destinazione-sardegna-lavoro-pubblicato-lavviso-per-il-2021\/","title":{"rendered":"Destinazione Sardegna lavoro, pubblicato l\u2019avviso per il 2021."},"content":{"rendered":"\n<p>Cagliari, 30 Dic 2021\u00a0- Sostenere le imprese e gli addetti della filiera turistica: \u00e8 l\u2019obiettivo dell\u2019avviso \u201cDestinazione Sardegna Lavoro\u201d che anche per l\u2019anno in chiusura, il 2021, mette in campo gli aiuti per il sostegno all\u2019occupazione nel comparto. \u00c8 stato appena pubblicato l\u2019avviso che consentir\u00e0 di presentare, dal 20 gennaio 2022, le domande.<\/p>\n\n\n\n<p>\u201cLo avevamo annunciato e abbiamo mantenuto la promessa. Con questa ulteriore misura sosteniamo direttamente uno dei comparti pi\u00f9 importanti della nostra economia\u201d, spiega l\u2019Assessore del Lavoro, Alessandra Zedda. \u201cAbbiamo creduto che le imprese del comparto potessero fare da traino all\u2019occupazione estiva assicurando posti di lavoro come nella fase pre Covid e ci siamo impegnati per accelerare le procedure affinch\u00e9 entro la fine dell\u2019anno potessimo pubblicare il nuovo Avviso. Oggi siamo pronti a mettere in campo gli aiuti economici annunciati a inizio stagione anche per il 2021\u201d, ha concluso l\u2019esponente della Giunta Solinas.<\/p>\n\n\n\n<p>Con \u201cDestinazione Sardegna Lavoro\u201d la Regione sostiene concretamente le imprese e gli addetti della filiera turistica, intesa come l\u2019insieme delle unit\u00e0 locali che offrono beni o servizi in prevalenza ai turisti o che svolgono attivit\u00e0 legate alla produzione e alla commercializzazione di servizi turistici (attivit\u00e0 economiche Ateco 2007) attraverso l\u2019erogazione di un aiuto sotto forma di sovvenzione. Destinatarie sono le imprese per le assunzioni effettuate a partire dal 1\u00b0 Aprile 2021 fino al 31 Dicembre 2021 che hanno riguardato giovani indet 35, disoccupati over 35 e donne over 35.<\/p>\n\n\n\n<p>Per ciascuna assunzione, sar\u00e0 erogato un aiuto la cui intensit\u00e0 sar\u00e0 diversificata in base alle fasce della retribuzione lorda&nbsp;e varia da un&nbsp;minimo di 200 euro a un massimo di 800 euro.<\/p>\n\n\n\n<p>La presentazione delle domande dovr\u00e0 essere effettuata esclusivamente utilizzando l\u2019apposito applicativo reso disponibile dalla Regione all\u2019interno del Sistema Informativo del Lavoro e della formazione Professionale (SIL) al seguente indirizzo:<a href=\"http:\/\/www.sardegnalavoro.it\/\" target=\"_blank\" rel=\"noreferrer noopener\">&nbsp;www.sardegnalavoro.it<\/a>. Le domande potranno essere predisposte e presentate a partire dalle ore 10:00 del 20 Gennaio 2022 (termine ultimo 11 febbraio). Far\u00e0 fede la data di invio telematico certificata dal SIL. L\u2019ordine cronologico di invio telematico delle domande costituisce unico elemento di priorit\u00e0 nell\u2019assegnazione dell\u2019aiuto, nei limiti delle risorse complessivamente disponibili. Com<\/p>\n","protected":false},"excerpt":{"rendered":"<p>Cagliari, 30 Dic 2021\u00a0&#8211; Sostenere le imprese e gli addetti della filiera turistica: \u00e8 l\u2019obiettivo dell\u2019avviso \u201cDestinazione Sardegna Lavoro\u201d che anche per l\u2019anno in chiusura,&#8230;<\/p>\n","protected":false},"author":2,"featured_media":187128,"comment_status":"closed","ping_status":"open","sticky":false,"template":"","format":"standard","meta":[],"categories":[49,52],"tags":[],"_links":{"self":[{"href":"https:\/\/www.cronacaonline.it\/index.php\/wp-json\/wp\/v2\/posts\/216021"}],"collection":[{"href":"https:\/\/www.cronacaonline.it\/index.php\/wp-json\/wp\/v2\/posts"}],"about":[{"href":"https:\/\/www.cronacaonline.it\/index.php\/wp-json\/wp\/v2\/types\/post"}],"author":[{"embeddable":true,"href":"https:\/\/www.cronacaonline.it\/index.php\/wp-json\/wp\/v2\/users\/2"}],"replies":[{"embeddable":true,"href":"https:\/\/www.cronacaonline.it\/index.php\/wp-json\/wp\/v2\/comments?post=216021"}],"version-history":[{"count":1,"href":"https:\/\/www.cronacaonline.it\/index.php\/wp-json\/wp\/v2\/posts\/216021\/revisions"}],"predecessor-version":[{"id":216022,"href":"https:\/\/www.cronacaonline.it\/index.php\/wp-json\/wp\/v2\/posts\/216021\/revisions\/216022"}],"wp:featuredmedia":[{"embeddable":true,"href":"https:\/\/www.cronacaonline.it\/index.php\/wp-json\/wp\/v2\/media\/187128"}],"wp:attachment":[{"href":"https:\/\/www.cronacaonline.it\/index.php\/wp-json\/wp\/v2\/media?parent=216021"}],"wp:term":[{"taxonomy":"category","embeddable":true,"href":"https:\/\/www.cronacaonline.it\/index.php\/wp-json\/wp\/v2\/categories?post=216021"},{"taxonomy":"post_tag","embeddable":true,"href":"https:\/\/www.cronacaonline.it\/index.php\/wp-json\/wp\/v2\/tags?post=216021"}],"curies":[{"name":"wp","href":"https:\/\/api.w.org\/{rel}","templated":true}]}}