{"id":216000,"date":"2021-12-30T11:15:37","date_gmt":"2021-12-30T10:15:37","guid":{"rendered":"https:\/\/www.cronacaonline.it\/?p=216000"},"modified":"2021-12-30T11:15:39","modified_gmt":"2021-12-30T10:15:39","slug":"pesca-dei-ricci-stop-il-22-gennaio-e-indennizzi-per-2-milioni-e-800mila-euro-lassessore-murgia-al-via-piano-di-monitoraggio-e-recupero-ambientale-con-coinvolgimento-dei-pescatori","status":"publish","type":"post","link":"https:\/\/www.cronacaonline.it\/index.php\/2021\/12\/30\/pesca-dei-ricci-stop-il-22-gennaio-e-indennizzi-per-2-milioni-e-800mila-euro-lassessore-murgia-al-via-piano-di-monitoraggio-e-recupero-ambientale-con-coinvolgimento-dei-pescatori\/","title":{"rendered":"Pesca dei ricci, stop il 22 gennaio e indennizzi per 2 milioni e 800mila euro. L\u2019assessore Murgia: \u201cal via piano di monitoraggio e recupero ambientale con coinvolgimento dei pescatori\u201d."},"content":{"rendered":"\n<p>Cagliari, 30 Dic 2021 \u2013\u00a0Il divieto di pesca del riccio di mare nelle acque della Sardegna scatter\u00e0 il 22 gennaio 2022 e durer\u00e0 tre anni, come previsto dalla legge regionale 17 del 22 novembre 2021. Con una delibera approvata nel corso dell\u2019ultima seduta, su proposta dell\u2019assessore dell\u2019Agricoltura, Gabriella Murgia, la Giunta regionale ha dato il via libera alle linee di indirizzo per gli interventi a sostegno dei pescatori subacquei professionali, per i quali sono stati stanziati in totale 2 milioni e 800mila euro (400mila euro per il 2021, 1 milione e 200mila euro per ciascuno degli anni 2022 e 2023).<\/p>\n\n\n\n<p>\u201cUn fermo necessario \u2013 spiega l\u2019esponente della Giunta sarda \u2013 per consentire il recupero degli stock e la ricostituzione della risorsa nel nostro mare territoriale, messa a rischio dal massiccio prelievo effettuato negli ultimi anni.&nbsp;&nbsp;Questo sovra sfruttamento, se perpetrato, potrebbe determinare nel breve periodo il collasso della risorsa e l\u2019estinzione commerciale della specie, quindi si \u00e8 reso necessario intervenire con drastiche misure gestionali e con una chiusura temporanea\u201d.<\/p>\n\n\n\n<p>\u201cDurante questi tre anni, con il coinvolgimento degli stessi pescatori, attueremo un piano di monitoraggio scientifico per valutare gli effetti della chiusura della pesca e daremo la possibilit\u00e0 agli operatori di svolgere attivit\u00e0 di recupero ambientale, come la pulizia dei fondali e la rimozione delle attrezzature di pesca. Tutte queste attivit\u00e0 \u2013 conclude l\u2019assessore Murgia \u2013 saranno affidate all\u2019Agenzia Agris, che provveder\u00e0 a redigere uno specifico Piano operativo,&nbsp;sentito il Comitato tecnico consultivo regionale per la pesca e l\u2019acquacoltura\u201d.&nbsp;Com<\/p>\n","protected":false},"excerpt":{"rendered":"<p>Cagliari, 30 Dic 2021 \u2013\u00a0Il divieto di pesca del riccio di mare nelle acque della Sardegna scatter\u00e0 il 22 gennaio 2022 e durer\u00e0 tre anni,&#8230;<\/p>\n","protected":false},"author":2,"featured_media":187048,"comment_status":"closed","ping_status":"open","sticky":false,"template":"","format":"standard","meta":[],"categories":[49,52],"tags":[],"_links":{"self":[{"href":"https:\/\/www.cronacaonline.it\/index.php\/wp-json\/wp\/v2\/posts\/216000"}],"collection":[{"href":"https:\/\/www.cronacaonline.it\/index.php\/wp-json\/wp\/v2\/posts"}],"about":[{"href":"https:\/\/www.cronacaonline.it\/index.php\/wp-json\/wp\/v2\/types\/post"}],"author":[{"embeddable":true,"href":"https:\/\/www.cronacaonline.it\/index.php\/wp-json\/wp\/v2\/users\/2"}],"replies":[{"embeddable":true,"href":"https:\/\/www.cronacaonline.it\/index.php\/wp-json\/wp\/v2\/comments?post=216000"}],"version-history":[{"count":1,"href":"https:\/\/www.cronacaonline.it\/index.php\/wp-json\/wp\/v2\/posts\/216000\/revisions"}],"predecessor-version":[{"id":216001,"href":"https:\/\/www.cronacaonline.it\/index.php\/wp-json\/wp\/v2\/posts\/216000\/revisions\/216001"}],"wp:featuredmedia":[{"embeddable":true,"href":"https:\/\/www.cronacaonline.it\/index.php\/wp-json\/wp\/v2\/media\/187048"}],"wp:attachment":[{"href":"https:\/\/www.cronacaonline.it\/index.php\/wp-json\/wp\/v2\/media?parent=216000"}],"wp:term":[{"taxonomy":"category","embeddable":true,"href":"https:\/\/www.cronacaonline.it\/index.php\/wp-json\/wp\/v2\/categories?post=216000"},{"taxonomy":"post_tag","embeddable":true,"href":"https:\/\/www.cronacaonline.it\/index.php\/wp-json\/wp\/v2\/tags?post=216000"}],"curies":[{"name":"wp","href":"https:\/\/api.w.org\/{rel}","templated":true}]}}