{"id":215992,"date":"2021-12-29T19:16:45","date_gmt":"2021-12-29T18:16:45","guid":{"rendered":"https:\/\/www.cronacaonline.it\/?p=215992"},"modified":"2021-12-29T19:16:47","modified_gmt":"2021-12-29T18:16:47","slug":"air-italy-assessore-zedda-bene-interesse-governo-obiettivo-resta-la-tutela-dei-lavoratori","status":"publish","type":"post","link":"https:\/\/www.cronacaonline.it\/index.php\/2021\/12\/29\/air-italy-assessore-zedda-bene-interesse-governo-obiettivo-resta-la-tutela-dei-lavoratori\/","title":{"rendered":"Air Italy, Assessore Zedda: \u201cbene interesse governo, obiettivo resta la tutela dei lavoratori\u201d."},"content":{"rendered":"\n<p>Cagliari, 29 Dic 2021\u00a0- \u201cAbbiamo registrato l\u2019interessamento da parte del Ministro degli Esteri Di Maio che rispetto alla vertenza Air Italy starebbe dialogando direttamente con la propriet\u00e0 per chiedere il blocco delle lettere di licenziamento e abbiamo ribadito la disponibilit\u00e0 della Regione per trovare ogni soluzione e strada percorribili affinch\u00e9 si attivino le migliori forme di tutela dei lavoratori, anche attraverso l\u2019utilizzo dei fondi Feg appena ottenuti\u201d.<\/p>\n\n\n\n<p>Lo afferma in un comunicato l\u2019Assessore del Lavoro, Alessandra Zedda, al termine del tavolo interministeriale convocato per oggi, a cui hanno partecipato - oltre ai rappresentanti dei lavoratori - i viceministri dello sviluppo economico, Alessandra Todde, delle Infrastrutture, Teresa Bellanova, e le due regioni coinvolte, Sardegna, appunto, e Lombardia.<\/p>\n\n\n\n<p>\u201cDispiace l\u2019assenza della propriet\u00e0 che non ha voluto presenziare neanche oggi al tavolo per trovare una soluzione. Rimaniamo fiduciosi che nel decreto mille proroghe possa essere inserito il provvedimento per la proroga della Cassa integrazione. Ci auguriamo che ognuno dei soggetti coinvolti faccia la sua parte per arrivare a una soluzione che non sia il licenziamento dei lavoratori di Air Italy\u201d. Com<\/p>\n","protected":false},"excerpt":{"rendered":"<p>Cagliari, 29 Dic 2021\u00a0&#8211; \u201cAbbiamo registrato l\u2019interessamento da parte del Ministro degli Esteri Di Maio che rispetto alla vertenza Air Italy starebbe dialogando direttamente con&#8230;<\/p>\n","protected":false},"author":2,"featured_media":215618,"comment_status":"closed","ping_status":"open","sticky":false,"template":"","format":"standard","meta":[],"categories":[49,52],"tags":[],"_links":{"self":[{"href":"https:\/\/www.cronacaonline.it\/index.php\/wp-json\/wp\/v2\/posts\/215992"}],"collection":[{"href":"https:\/\/www.cronacaonline.it\/index.php\/wp-json\/wp\/v2\/posts"}],"about":[{"href":"https:\/\/www.cronacaonline.it\/index.php\/wp-json\/wp\/v2\/types\/post"}],"author":[{"embeddable":true,"href":"https:\/\/www.cronacaonline.it\/index.php\/wp-json\/wp\/v2\/users\/2"}],"replies":[{"embeddable":true,"href":"https:\/\/www.cronacaonline.it\/index.php\/wp-json\/wp\/v2\/comments?post=215992"}],"version-history":[{"count":1,"href":"https:\/\/www.cronacaonline.it\/index.php\/wp-json\/wp\/v2\/posts\/215992\/revisions"}],"predecessor-version":[{"id":215993,"href":"https:\/\/www.cronacaonline.it\/index.php\/wp-json\/wp\/v2\/posts\/215992\/revisions\/215993"}],"wp:featuredmedia":[{"embeddable":true,"href":"https:\/\/www.cronacaonline.it\/index.php\/wp-json\/wp\/v2\/media\/215618"}],"wp:attachment":[{"href":"https:\/\/www.cronacaonline.it\/index.php\/wp-json\/wp\/v2\/media?parent=215992"}],"wp:term":[{"taxonomy":"category","embeddable":true,"href":"https:\/\/www.cronacaonline.it\/index.php\/wp-json\/wp\/v2\/categories?post=215992"},{"taxonomy":"post_tag","embeddable":true,"href":"https:\/\/www.cronacaonline.it\/index.php\/wp-json\/wp\/v2\/tags?post=215992"}],"curies":[{"name":"wp","href":"https:\/\/api.w.org\/{rel}","templated":true}]}}