{"id":215983,"date":"2021-12-29T16:52:34","date_gmt":"2021-12-29T15:52:34","guid":{"rendered":"https:\/\/www.cronacaonline.it\/?p=215983"},"modified":"2021-12-29T16:52:36","modified_gmt":"2021-12-29T15:52:36","slug":"disabilita-grave-semplificazione-per-i-piani-personalizzati-lassessore-nieddu-massimo-impegno-per-una-misura-importante-per-gli-utenti-e-le-loro-famiglie","status":"publish","type":"post","link":"https:\/\/www.cronacaonline.it\/index.php\/2021\/12\/29\/disabilita-grave-semplificazione-per-i-piani-personalizzati-lassessore-nieddu-massimo-impegno-per-una-misura-importante-per-gli-utenti-e-le-loro-famiglie\/","title":{"rendered":"Disabilit\u00e0 grave, semplificazione per i piani personalizzati. L\u2019assessore Nieddu: \u201cmassimo impegno per una misura importante per gli utenti e le loro famiglie\u201d."},"content":{"rendered":"\n<p>Cagliari, 29 Dic 2021\u00a0- La Giunta della Regione Sardegna, su proposta dell\u2019assessore regionale dell\u2019Igiene e Sanit\u00e0 e dell\u2019Assistenza sociale, Mario Nieddu, ha approvato le indicazioni per la continuit\u00e0 del programma dei piani personalizzati della legge 162 del 1998 a favore delle persone con disabilit\u00e0 grave. Anche per il 2022 sono previsti percorsi semplificati sia per i beneficiari che devono rinnovare i piani gi\u00e0 in vigore, sia per chi, avendone i requisiti, volesse attivarne di nuovi. Tra le disposizioni indicate nel provvedimento, la Giunta ha infatti previsto il rinnovo in continuit\u00e0 dei piani personalizzati gi\u00e0 esistenti, con la possibilit\u00e0 di rivalutazione,\u00a0su richiesta dei beneficiari,\u00a0sia della scheda salute, sia della scheda sociale, per l\u2019eventuale rimodulazione della misura.<\/p>\n\n\n\n<p>Per il programma dei piani personalizzati della legge 162 del 1998 sono state stanziate risorse per 120.740.000 euro dal bilancio di previsione pluriennale 2022-2024. Finanziamenti che la Regione erogher\u00e0 ai Comuni dell\u2019Isola per la realizzazione degli interventi socio-assistenziali. Per il 2022 i Comuni, tramite il sistema informatico regionale SiSar, dovranno indicare entro il 30 aprile il valore complessivo dei piani ammessi al finanziamento.<\/p>\n\n\n\n<p>\u201cStiamo dando continuit\u00e0 e rendendo pi\u00f9 fruibile un programma particolarmente importante a beneficio di chi \u00e8 affetto da disabilit\u00e0 grave e delle loro famiglie\u201d, dichiara l\u2019assessore Nieddu. \u201cNel 2021 \u2013 prosegue l\u2019esponente della Giunta \u2013 il programma ha consentito l\u2019attivazione di piani per circa 41mila persone, la maggior parte in continuit\u00e0 con l\u2019anno precedente\u201d.<\/p>\n\n\n\n<p>Secondo gli ultimi dati oltre la met\u00e0 dei beneficiari della legge 162 ha un\u2019et\u00e0 superiore ai 65 anni. \u201cNell\u2019ultimo anno sono state pianificati prevalentemente interventi d\u2019assistenza domiciliare e di servizi educativi, mentre, a causa della pandemia e delle restrizioni, \u00e8 stato minore il ricorso alla pianificazione di ore per l\u2019attivit\u00e0 sportiva e di socializzazione o agli inserimenti nei centri diurni e ai soggiorni temporanei\u201d, conclude l\u2019assessore. Com<\/p>\n","protected":false},"excerpt":{"rendered":"<p>Cagliari, 29 Dic 2021\u00a0&#8211; La Giunta della Regione Sardegna, su proposta dell\u2019assessore regionale dell\u2019Igiene e Sanit\u00e0 e dell\u2019Assistenza sociale, Mario Nieddu, ha approvato le indicazioni&#8230;<\/p>\n","protected":false},"author":2,"featured_media":209098,"comment_status":"closed","ping_status":"open","sticky":false,"template":"","format":"standard","meta":[],"categories":[49,52],"tags":[],"_links":{"self":[{"href":"https:\/\/www.cronacaonline.it\/index.php\/wp-json\/wp\/v2\/posts\/215983"}],"collection":[{"href":"https:\/\/www.cronacaonline.it\/index.php\/wp-json\/wp\/v2\/posts"}],"about":[{"href":"https:\/\/www.cronacaonline.it\/index.php\/wp-json\/wp\/v2\/types\/post"}],"author":[{"embeddable":true,"href":"https:\/\/www.cronacaonline.it\/index.php\/wp-json\/wp\/v2\/users\/2"}],"replies":[{"embeddable":true,"href":"https:\/\/www.cronacaonline.it\/index.php\/wp-json\/wp\/v2\/comments?post=215983"}],"version-history":[{"count":1,"href":"https:\/\/www.cronacaonline.it\/index.php\/wp-json\/wp\/v2\/posts\/215983\/revisions"}],"predecessor-version":[{"id":215984,"href":"https:\/\/www.cronacaonline.it\/index.php\/wp-json\/wp\/v2\/posts\/215983\/revisions\/215984"}],"wp:featuredmedia":[{"embeddable":true,"href":"https:\/\/www.cronacaonline.it\/index.php\/wp-json\/wp\/v2\/media\/209098"}],"wp:attachment":[{"href":"https:\/\/www.cronacaonline.it\/index.php\/wp-json\/wp\/v2\/media?parent=215983"}],"wp:term":[{"taxonomy":"category","embeddable":true,"href":"https:\/\/www.cronacaonline.it\/index.php\/wp-json\/wp\/v2\/categories?post=215983"},{"taxonomy":"post_tag","embeddable":true,"href":"https:\/\/www.cronacaonline.it\/index.php\/wp-json\/wp\/v2\/tags?post=215983"}],"curies":[{"name":"wp","href":"https:\/\/api.w.org\/{rel}","templated":true}]}}