{"id":215966,"date":"2021-12-29T11:56:43","date_gmt":"2021-12-29T10:56:43","guid":{"rendered":"https:\/\/www.cronacaonline.it\/?p=215966"},"modified":"2021-12-29T11:56:46","modified_gmt":"2021-12-29T10:56:46","slug":"ambiente-assessore-lampis-200mila-euro-ai-comuni-per-azioni-dirette-allistituzione-di-aree-naturali-protette-o-monumenti-naturali","status":"publish","type":"post","link":"https:\/\/www.cronacaonline.it\/index.php\/2021\/12\/29\/ambiente-assessore-lampis-200mila-euro-ai-comuni-per-azioni-dirette-allistituzione-di-aree-naturali-protette-o-monumenti-naturali\/","title":{"rendered":"Ambiente, assessore Lampis: \u2018200mila euro ai comuni per azioni dirette all\u2019istituzione di aree naturali protette o monumenti naturali\u2019."},"content":{"rendered":"\n<p>Cagliari, 29 Dic\u00a02021\u00a0\u2013 \u201cL'importanza dell'enorme patrimonio naturale della Sardegna, caratterizzato da aree di notevole rilevanza naturalistica e ambientale, \u00e8 confermata dall\u2019impegno della Regione nel garantirne la conservazione, il recupero e la promozione, anche attraverso l'istituzione di aree naturali protette o di monumenti naturali. Perci\u00f2, il primo obiettivo della Strategia regionale per lo Sviluppo sostenibile \u00e8 quello di conservare la biodiversit\u00e0, ripristinare e valorizzare i servizi ecosistemici\u201d. Lo ha detto l'assessore regionale della Difesa dell'ambiente, Gianni Lampis, dopo l\u2019approvazione della delibera che, per il 2021, stanzia 200mila euro a favore dei Comuni che puntano all\u2019istituzione e alla gestione di parchi, riserve e monumenti naturali, oppure di aree di particolare rilevanza naturalistica e ambientale, anche attraverso azioni di animazione e di sensibilizzazione sulle opportunit\u00e0 di sviluppo offerte dalla tutela e dalla valorizzazione dell'ambiente.<\/p>\n\n\n\n<p>Attualmente in Sardegna le superficie di aree protette \u00e8 pari al 19,9% della superficie regionale, mentre il valore da raggiungere per il 2030, secondo la strategia europea sulla biodiversit\u00e0, \u00e8 del 30%: \u201cSono, quindi, fondamentali le azioni di animazione che coinvolgano la popolazione e i portatori di interesse presenti nei territori che intendono proporre l'istituzione di un'area protetta o di un monumento naturale, potendo cos\u00ec arrivare a decisioni condivise coi cittadini. Oltre alle specifiche azioni di animazione nel territorio, la Regione finanzia anche la predisposizione di studi e ricerche propedeutiche\u201d, ha aggiunto l\u2019assessore Lampis.<\/p>\n\n\n\n<p>Sono state finanziate alcune Amministrazioni comunali&nbsp;per le attivit\u00e0 preliminari all'istituzione di parchi, monumenti naturali o aree di particolare rilevanza naturalistica e ambientale: ai Comuni di Ballao (capofila), Goni e Armungia, per il Parco naturale regionale del Flumendosa, 60mila euro; al Comune di Arbus, per i monumenti naturali Monte Arcuentu e Casa del Poeta, 40mila; al Comune di Arzachena, per il percorso naturalistico Rio San Giovanni, mulino, area umida di Saloni, 40mila; al Comune di Guspini, per il monumento naturale Sa Rocca Incuaddigada, 20mila; ai Comuni di Seulo (capofila) e Gadoni, per il monumento naturale Sa Stiddiosa, 20mila; al Comune di Esterzili, per il monumento naturale Santa Vittoria, 20mila.&nbsp;Com<\/p>\n","protected":false},"excerpt":{"rendered":"<p>Cagliari, 29 Dic\u00a02021\u00a0\u2013 \u201cL&#8217;importanza dell&#8217;enorme patrimonio naturale della Sardegna, caratterizzato da aree di notevole rilevanza naturalistica e ambientale, \u00e8 confermata dall\u2019impegno della Regione nel garantirne&#8230;<\/p>\n","protected":false},"author":2,"featured_media":201497,"comment_status":"closed","ping_status":"open","sticky":false,"template":"","format":"standard","meta":[],"categories":[49,52],"tags":[],"_links":{"self":[{"href":"https:\/\/www.cronacaonline.it\/index.php\/wp-json\/wp\/v2\/posts\/215966"}],"collection":[{"href":"https:\/\/www.cronacaonline.it\/index.php\/wp-json\/wp\/v2\/posts"}],"about":[{"href":"https:\/\/www.cronacaonline.it\/index.php\/wp-json\/wp\/v2\/types\/post"}],"author":[{"embeddable":true,"href":"https:\/\/www.cronacaonline.it\/index.php\/wp-json\/wp\/v2\/users\/2"}],"replies":[{"embeddable":true,"href":"https:\/\/www.cronacaonline.it\/index.php\/wp-json\/wp\/v2\/comments?post=215966"}],"version-history":[{"count":1,"href":"https:\/\/www.cronacaonline.it\/index.php\/wp-json\/wp\/v2\/posts\/215966\/revisions"}],"predecessor-version":[{"id":215967,"href":"https:\/\/www.cronacaonline.it\/index.php\/wp-json\/wp\/v2\/posts\/215966\/revisions\/215967"}],"wp:featuredmedia":[{"embeddable":true,"href":"https:\/\/www.cronacaonline.it\/index.php\/wp-json\/wp\/v2\/media\/201497"}],"wp:attachment":[{"href":"https:\/\/www.cronacaonline.it\/index.php\/wp-json\/wp\/v2\/media?parent=215966"}],"wp:term":[{"taxonomy":"category","embeddable":true,"href":"https:\/\/www.cronacaonline.it\/index.php\/wp-json\/wp\/v2\/categories?post=215966"},{"taxonomy":"post_tag","embeddable":true,"href":"https:\/\/www.cronacaonline.it\/index.php\/wp-json\/wp\/v2\/tags?post=215966"}],"curies":[{"name":"wp","href":"https:\/\/api.w.org\/{rel}","templated":true}]}}