{"id":215964,"date":"2021-12-29T09:47:50","date_gmt":"2021-12-29T08:47:50","guid":{"rendered":"https:\/\/www.cronacaonline.it\/?p=215964"},"modified":"2021-12-29T09:47:52","modified_gmt":"2021-12-29T08:47:52","slug":"covid-variante-omicron-il-cts-convocato-dal-governo-su-ipotesi-di-quarantena-breve-dopo-la-terza-dose","status":"publish","type":"post","link":"https:\/\/www.cronacaonline.it\/index.php\/2021\/12\/29\/covid-variante-omicron-il-cts-convocato-dal-governo-su-ipotesi-di-quarantena-breve-dopo-la-terza-dose\/","title":{"rendered":"Covid, variante Omicron: il Cts convocato dal governo su ipotesi di quarantena &#8220;breve&#8221; dopo la terza dose."},"content":{"rendered":"\n<p>Roma, 29 Dic 2021 \u2013 Con quasi 80 mila contagiati in un solo giorno e con due milioni e mezzo di persone in isolamento, a causa dei contatti con positivi al Covid, il governo e le Regioni ipotizzano un accorciamento della quarantena, pena una 'paralisi' delle attivit\u00e0 produttive.<\/p>\n\n\n\n<p>Un parere \u00e8 stato chiesto al Cts, convocato per oggi. L'ipotesi \u00e8 quella di ridurre, da inizio gennaio, l'isolamento dei contatti a 3-5 giorni per chi abbia ricevuto la terza dose.<\/p>\n\n\n\n<p>Gi\u00e0 da due giorni il governo ha avviato un'attenta riflessione sulla quarantena. Le misure attuali, viene sottolineato, non tengono conto della terza dose e della variante Omicron. Le fonti sottolineano, per\u00f2, che saranno gli scienziati del Comitato tecnico scientifico (Cts) a fare una valutazione e a mettere sul tavolo una possibile modifica, prima di qualsiasi altra considerazione ufficiale.<\/p>\n\n\n\n<p>Gli scienziati sono stati chiamati a valutare se sia possibile modificare le regole sulla base dell\u2019andamento della curva epidemiologica e dei tamponi effettuati fino a mercoled\u00ec 29 dicembre. Tutto questo per avere una base di dati tale da poterne discutere nel corso del Consiglio dei ministri che, verosimilmente, dovrebbe svolgersi il giorno dopo. Eventuali nuove misure dovranno comunque essere valutate dall\u2019intera maggioranza.<\/p>\n\n\n\n<p>\"Per chi ha il booster si pu\u00f2 prevedere una quarantena inferiore ai sette giorni\". Lo dice in una intervista Andrea Costa, sottosegretario alla Salute.<\/p>\n\n\n\n<p>\"Per chi non \u00e8 vaccinato la quarantena \u00e8 di 10 giorni. Per chi ha gi\u00e0 fatto due dosi \u00e8 di 7. Non saremmo credibili nell\u2019invitare a fare il richiamo se non fossimo convinti che il booster d\u00e0 una maggiore protezione - afferma - I contagi aumentano ma le conseguenze sono meno gravi. E gli scienziati ci dicono che \u00e8 minore anche la possibilit\u00e0 di morire o finire in terapia intensiva, ma anche di contrarre la malattia. E poi i dati vanno letti bene\".<\/p>\n\n\n\n<p>Per Costa, occorre \"fare una distinzione tra contagiati e ricoverati. \u00c8 chiaro che l\u2019incremento importante dei contagi dipende anche dal fatto che facciamo molti pi\u00f9 tamponi rispetto allo scorso anno\".<\/p>\n\n\n\n<p>\"La riflessione sul numero di persone in quarantena l'abbiamo fatta questa mattina con il ministro Speranza. Gli scienziati con l'Istituito superiore di Sanit\u00e0 stanno studiando, le quarantene oggi sono diverse a seconda che si sia vaccinati o meno, si sta vedendo cosa mettere in campo\". Cos\u00ec il commissario straordinario per l'emergenza Covid, generale Francesco Paolo Figliuolo, in visita all'hub vaccinale per bambini della Fondazione Compagnia di San Paolo, in merito a una possibile revisione dell'attuale sistema di quarantene. \"Monitoriamo con molta attenzione quello che accade nei Paesi di riferimento, poi c'\u00e8 una cabina di regia che vedr\u00e0 cosa fare\" aggiunge.<\/p>\n\n\n\n<p>\"\u00c8 ragionevole cominciare a fare una riflessione sulla quarantena per il vaccinato\", ha dichiarato il presidente del Veneto, Luca Zaia, nel consueto punto sul Covid, precisando che andrebbe rivista \"in particolare quella prevista per chi ha fatto la terza dose, ora uguale a quella degli altri\".<\/p>\n\n\n\n<p>\"Condivido la riflessione che vada rivista la quarantena per i vaccinati. Massima sicurezza senza bloccare il Paese\". Lo scrive su Twitter, Massimiliano Fedriga, presidente del Friuli Venezia Giulia e presidente della Conferenza delle Regioni.<\/p>\n\n\n\n<p>La decisione di ridurre la quarantena da dieci a cinque giorni negli Stati Uniti \"non \u00e8 priva di rischi\" ma \u00e8 legata al fatto che nell'arco delle prossime settimane ci potrebbero essere talmente tante persone in isolamento, molte asintomatiche, da rendere difficile lo svolgimento della vita per la societ\u00e0 civile. Lo spiega Anthony Fauci, il super esperto americano in malattie infettive, difendendo la decisione dei Centers for Disease Control and Prevention di tagliare l'isolamento.<\/p>\n","protected":false},"excerpt":{"rendered":"<p>Roma, 29 Dic 2021 \u2013 Con quasi 80 mila contagiati in un solo giorno e con due milioni e mezzo di persone in isolamento, a&#8230;<\/p>\n","protected":false},"author":2,"featured_media":188638,"comment_status":"closed","ping_status":"open","sticky":false,"template":"","format":"standard","meta":[],"categories":[49,50],"tags":[],"_links":{"self":[{"href":"https:\/\/www.cronacaonline.it\/index.php\/wp-json\/wp\/v2\/posts\/215964"}],"collection":[{"href":"https:\/\/www.cronacaonline.it\/index.php\/wp-json\/wp\/v2\/posts"}],"about":[{"href":"https:\/\/www.cronacaonline.it\/index.php\/wp-json\/wp\/v2\/types\/post"}],"author":[{"embeddable":true,"href":"https:\/\/www.cronacaonline.it\/index.php\/wp-json\/wp\/v2\/users\/2"}],"replies":[{"embeddable":true,"href":"https:\/\/www.cronacaonline.it\/index.php\/wp-json\/wp\/v2\/comments?post=215964"}],"version-history":[{"count":1,"href":"https:\/\/www.cronacaonline.it\/index.php\/wp-json\/wp\/v2\/posts\/215964\/revisions"}],"predecessor-version":[{"id":215965,"href":"https:\/\/www.cronacaonline.it\/index.php\/wp-json\/wp\/v2\/posts\/215964\/revisions\/215965"}],"wp:featuredmedia":[{"embeddable":true,"href":"https:\/\/www.cronacaonline.it\/index.php\/wp-json\/wp\/v2\/media\/188638"}],"wp:attachment":[{"href":"https:\/\/www.cronacaonline.it\/index.php\/wp-json\/wp\/v2\/media?parent=215964"}],"wp:term":[{"taxonomy":"category","embeddable":true,"href":"https:\/\/www.cronacaonline.it\/index.php\/wp-json\/wp\/v2\/categories?post=215964"},{"taxonomy":"post_tag","embeddable":true,"href":"https:\/\/www.cronacaonline.it\/index.php\/wp-json\/wp\/v2\/tags?post=215964"}],"curies":[{"name":"wp","href":"https:\/\/api.w.org\/{rel}","templated":true}]}}