{"id":215944,"date":"2021-12-28T12:57:41","date_gmt":"2021-12-28T11:57:41","guid":{"rendered":"https:\/\/www.cronacaonline.it\/?p=215944"},"modified":"2021-12-28T12:57:43","modified_gmt":"2021-12-28T11:57:43","slug":"feg-assessore-alessandra-zedda-via-libera-del-parlamento-ue-alla-mobilitazione-di-oltre-4-milioni-per-le-crisi-aziendali-air-italy-e-porto-canale","status":"publish","type":"post","link":"https:\/\/www.cronacaonline.it\/index.php\/2021\/12\/28\/feg-assessore-alessandra-zedda-via-libera-del-parlamento-ue-alla-mobilitazione-di-oltre-4-milioni-per-le-crisi-aziendali-air-italy-e-porto-canale\/","title":{"rendered":"Feg, Assessore Alessandra Zedda: via libera del parlamento Ue alla mobilitazione di oltre 4 milioni per le crisi aziendali Air Italy e porto canale."},"content":{"rendered":"\n<p>Cagliari, 28 dicembre 2021 \u2013\u00a0Il Parlamento europeo d\u00e0 il via libera alla mobilitazione del Fondo europeo di adeguamento alla globalizzazione per i lavoratori espulsi dal lavoro (FEG), con 3.874.640 euro per 611 lavoratori coinvolti nella crisi di Air Italy e 1.506.650 euro per 190 lavoratori del Porto Canale di Cagliari. Risorse a cui si aggiungono i fondi regionali, dato che il Feg cofinanzia l\u201985% dei costi sostenuti dallo Stato membro per la realizzazione delle misure, lasciando alle Regioni la copertura della quota del 15%.<\/p>\n\n\n\n<p>&nbsp;\u201cLa Regione ha ottenuto finalmente il Feg, che ci consente con due distinti interventi di sostenere i lavoratori di Air Italy e quelli del Porto Canale di Cagliari. \u00c8 stata una collaborazione corale per poter ottenere un finanziamento fuori dai fondi comunitari ordinari, che come tale ha richiesto procedure complesse e lunghe. Il raggiungimento di questo obiettivo \u00e8 la dimostrazione pi\u00f9 vera e sincera della volont\u00e0 ferrea dimostrata dalla Regione di trovare tutte le possibili soluzioni, rivolgendosi anche a quelle che potevano essere le integrazioni alla cassa integrazione\u201d, spiega in una nota l\u2019Assessore del Lavoro, Alessandra Zedda, presentando l\u2019ottenimento e l\u2019adeguamento del Fondo alle esigenze delle due realt\u00e0, Air Italy e Porto Canale. Il Fondo europeo fornisce infatti sostegno a chi \u00e8 disoccupato o \u00e8 stato espulso dal mercato del lavoro e, nel caso delle due crisi aziendali che interessano la Sardegna, li sostiene nel reinserimento sulla base di un programma di due anni.&nbsp;\u00c8 proprio a partire dal piano di reinserimento programmato dalla Regione, ha spiegato l\u2019Assessore Zedda rivolgendosi anche alle sigle sindacali collegate, \u201cche rispetto ad Air Italy continueremo a chiedere il sostegno del Governo per arrivare a una proposta credibile e concreta da presentare alla propriet\u00e0 di Air Italy affinch\u00e9 i due anni a disposizione siano impiegati per continuare a trovare una soluzione. Lo stesso impegno \u2013 ha concluso l\u2019Assessore - verr\u00e0 profuso per i lavoratori del Porto Canale che sono gi\u00e0 stati inserimenti nel processo di formazione e accompagnamento al reinserimento. Ci auguriamo che al termine dei due anni tutti i lavoratori siano nuovamente inseriti nel mercato del lavoro\u201d.<\/p>\n\n\n\n<p>\u201cConsideriamo il sostegno e il reinserimento dei lavoratori che hanno perso il posto di lavoro a causa di ristrutturazioni aziendali e della globalizzazione una condizione necessaria per garantire la tenuta del sistema sociale ed economico sardo\u201d, ha aggiunto il Presidente della Regione Christian Solinas accogliendo con favore il risultato ottenuto del fronte europeo. \u201cGrazie a una intensa interlocuzione avviata dalla Regione su pi\u00f9 fronti e pi\u00f9 livelli istituzionali \u2013 ha continuato il Presidente - e grazie all\u2019impegno del Governo e di tutti i soggetti coinvolti a vario titolo nelle due vertenze che ci riguardano, oggi riusciamo a sostenere circa 800 lavoratori in difficolt\u00e0, un risultato straordinario che si aggiunge alle misure gi\u00e0 studiate e programmate per sostenere i lavoratori e accompagnarne il percorso di reinserimento nel mercato del lavoro\u201d. Il 15 luglio 2021 l\u2019Italia aveva presentato la domanda di mobilitazione del FEG, poi integrata con ulteriori informazioni e il 15 dicembre il Parlamento europeo ha ritenuto la domanda conforme alle condizioni per la concessione del contributo.<\/p>\n\n\n\n<p>Il 15 luglio 2021 l\u2019Italia aveva presentato la domanda di mobilitazione del FEG, poi integrata con ulteriori informazioni e il 15 dicembre il Parlamento europeo ha ritenuto la domanda conforme alle condizioni per la concessione del contributo che, come ha spiegato sempre l\u2019esponente della Giunta Sarda, va a integrare lo strumento dell\u2019ammortizzatore nazionale nel caso di Air Italy e dell\u2019istituzione dell\u2019Agenzia per il lavoro portuale nel caso dei lavoratori del Porto Canale, in corso di approvazione alla Camera dei Deputati. Com<\/p>\n","protected":false},"excerpt":{"rendered":"<p>Cagliari, 28 dicembre 2021 \u2013\u00a0Il Parlamento europeo d\u00e0 il via libera alla mobilitazione del Fondo europeo di adeguamento alla globalizzazione per i lavoratori espulsi dal&#8230;<\/p>\n","protected":false},"author":2,"featured_media":215619,"comment_status":"closed","ping_status":"open","sticky":false,"template":"","format":"standard","meta":[],"categories":[49,52],"tags":[],"_links":{"self":[{"href":"https:\/\/www.cronacaonline.it\/index.php\/wp-json\/wp\/v2\/posts\/215944"}],"collection":[{"href":"https:\/\/www.cronacaonline.it\/index.php\/wp-json\/wp\/v2\/posts"}],"about":[{"href":"https:\/\/www.cronacaonline.it\/index.php\/wp-json\/wp\/v2\/types\/post"}],"author":[{"embeddable":true,"href":"https:\/\/www.cronacaonline.it\/index.php\/wp-json\/wp\/v2\/users\/2"}],"replies":[{"embeddable":true,"href":"https:\/\/www.cronacaonline.it\/index.php\/wp-json\/wp\/v2\/comments?post=215944"}],"version-history":[{"count":1,"href":"https:\/\/www.cronacaonline.it\/index.php\/wp-json\/wp\/v2\/posts\/215944\/revisions"}],"predecessor-version":[{"id":215945,"href":"https:\/\/www.cronacaonline.it\/index.php\/wp-json\/wp\/v2\/posts\/215944\/revisions\/215945"}],"wp:featuredmedia":[{"embeddable":true,"href":"https:\/\/www.cronacaonline.it\/index.php\/wp-json\/wp\/v2\/media\/215619"}],"wp:attachment":[{"href":"https:\/\/www.cronacaonline.it\/index.php\/wp-json\/wp\/v2\/media?parent=215944"}],"wp:term":[{"taxonomy":"category","embeddable":true,"href":"https:\/\/www.cronacaonline.it\/index.php\/wp-json\/wp\/v2\/categories?post=215944"},{"taxonomy":"post_tag","embeddable":true,"href":"https:\/\/www.cronacaonline.it\/index.php\/wp-json\/wp\/v2\/tags?post=215944"}],"curies":[{"name":"wp","href":"https:\/\/api.w.org\/{rel}","templated":true}]}}