{"id":215925,"date":"2021-12-28T08:19:07","date_gmt":"2021-12-28T07:19:07","guid":{"rendered":"https:\/\/www.cronacaonline.it\/?p=215925"},"modified":"2021-12-28T08:19:08","modified_gmt":"2021-12-28T07:19:08","slug":"covid-variante-omicron-il-cts-convocato-per-domani-dal-governo-su-ipotesi-di-quarantena-breve-dopo-la-terza-dose","status":"publish","type":"post","link":"https:\/\/www.cronacaonline.it\/index.php\/2021\/12\/28\/covid-variante-omicron-il-cts-convocato-per-domani-dal-governo-su-ipotesi-di-quarantena-breve-dopo-la-terza-dose\/","title":{"rendered":"Covid, variante Omicron: il Cts convocato per domani dal Governo su ipotesi di quarantena &#8220;breve&#8221; dopo la terza dose."},"content":{"rendered":"\n<p>Roma, 28 Dic 2021 - Il Governo ha convocato il Comitato tecnico scientifico per domani mattina. All'ordine del giorno, a quanto si apprende, l'ipotesi di riduzione della quarantena per i contatti stretti di positivi che abbiamo gi\u00e0 fatto la terza dose.<\/p>\n\n\n\n<p>Gi\u00e0 da ieri il governo ha avviato un'attenta riflessione sulla quarantena. Le misure attuali, viene sottolineato, non tengono conto della terza dose e della variante Omicron. Le fonti sottolineano, per\u00f2, che saranno gli scienziati del Comitato tecnico scientifico (Cts) a fare una valutazione e a mettere sul tavolo una possibile modifica, prima di qualsiasi altra considerazione ufficiale.<\/p>\n\n\n\n<p>Gli scienziati sono stati chiamati a valutare se sia possibile modificare le regole sulla base dell\u2019andamento della curva epidemiologica e dei tamponi effettuati fino a mercoled\u00ec 29 dicembre. Tutto questo per avere una base di dati tale da poterne discutere nel corso del Consiglio dei ministri che, verosimilmente, dovrebbe svolgersi il giorno dopo, ovvero gioved\u00ec 30. Eventuali nuove misure dovranno comunque essere valutate dall\u2019intera maggioranza.<\/p>\n\n\n\n<p>Al momento si starebbe valutando la possibilit\u00e0 di ridurre i tempi di quarantena per chi ha gi\u00e0 ricevuto il booster. Da fonti governative viene evidenziato come, qualora una persona abbia ricevuto la terza dose e venga a contatto con un positivo, debba restare in isolamento per alcuni giorni. La durata si sta valutando. Attualmente la quarantena per un vaccinato venuto in contatto con un positivo \u00e8 di 7 giorni. Intanto \u00e8 allo studio anche il periodo di quarantena per chi ha completato il ciclo vaccinale con 2 dosi.<\/p>\n\n\n\n<p>La quarantena per i vaccinati con terza dose, ora di sette giorni, potrebbe essere ridotta tra i tre e i cinque giorni.<\/p>\n\n\n\n<p>\"La riflessione sul numero di persone in quarantena l'abbiamo fatta questa mattina con il ministro Speranza. Gli scienziati con l'Istituito superiore di Sanit\u00e0 stanno studiando, le quarantene oggi sono diverse a seconda che si sia vaccinati o meno, si sta vedendo cosa mettere in campo\". Cos\u00ec il commissario straordinario per l'emergenza Covid, generale Francesco Paolo Figliuolo, in visita all'hub vaccinale per bambini della Fondazione Compagnia di San Paolo, in merito a una possibile revisione dell'attuale sistema di quarantene. \"Monitoriamo con molta attenzione quello che accade nei Paesi di riferimento, poi c'\u00e8 una cabina di regia che vedr\u00e0 cosa fare\" aggiunge.<\/p>\n\n\n\n<p>Al momento \"non ci sono ancora dati che giustifichino la quarta dose di vaccino anti-Covid, perch\u00e9 non \u00e8 ancora passato il tempo necessario di sorveglianza dopo la terza dose. Non abbiamo avuto ancora il tempo di capire se dopo la terza dose la difesa immunitaria crolla per cui c'\u00e8 bisogno di una ulteriore dose. Anzi la storia della vaccinologia ci dice che la terza dose normalmente lascia una memoria immunitaria di lunga durata\". Cos\u00ec l'epidemiologo Donato Greco, componente del Comitato tecnico scientifico (Cts), ospite di Sky, rispondendo a una domanda sull'annuncio di Israele di avviare le vaccinazioni con la quarta dose per gli over 60 e i soggetti a rischio, subito dopo per\u00f2 stoppato in attesa di ulteriori dati.<\/p>\n\n\n\n<p>\"Si sbaglia a prendere Israele come riferimento - afferma Greco - perch\u00e9 ha una popolazione, ma soprattutto una situazione organizzativa, anche di tipo paramilitare, che non ha eguali in Europa. Per cui prenderlo come esempio \u00e8 interessante, ma non \u00e8 la stessa cosa che fare un paragone con altri Paesi quali Spagna, Francia o Inghilterra. Loro stanno correndo molto perch\u00e9 sono stati pi\u00f9 colpiti di parecchi Paesi europei e dell'Italia, dunque la quarta dose \u00e8 stata un'anticipazione, ma non ci sono ancora dati che la giustifichino\".<\/p>\n\n\n\n<p>Il presidente della&nbsp;Fondazione Gimbe, Nino Cartabellotta, torna a chiedere la revisione delle quarantene. \"Omicron \u00e8 una variante molto contagiosa. Ogni positivo - ha detto a Radio Cusano Campus - pu\u00f2 aver avuto, di media, dai 5 ai 10 contatti. Se dovessimo avere un milione di positivi vuol dire che potrebbero esserci dai 5 ai 10 milioni di contatti da mandare in quarantena e questo non \u00e8 possibile. Chi ha fatto il vaccino con la terza dose \u00e8 pi\u00f9 difficile si contagi e quindi bisognerebbe rivedere le regole per questa categoria. La persona vaccinata anche con terza dose deve vedere la sua quarantena ridotta\".<\/p>\n\n\n\n<p>\"Dobbiamo entrare in una gestione sanitaria, economica e sociale della pandemia. Ad esempio sono un fautore della mascherina Ffp2 nei locali al chiuso, quella chirurgica pu\u00f2 considerarsi ormai un rimedio 'omeopatico', protegge molto poco\", ha detto Cartabellotta. \"L'obbligo di mascherina all'aperto ha pi\u00f9 una funzione di tipo sociale. Ci vuole buon senso - ha aggiunto. Sono anche un fautore dell'obbligo vaccinale. Basta parlare di prime, seconde e terze dosi. Bisogna che il vaccino diventi una misura di sanit\u00e0 pubblica che andr\u00e0 somministrato periodicamente. Del resto il vaccino, nonostante il virus circoli, permette di non affollare gli ospedali\".<\/p>\n\n\n\n<p>\"\u00c8 ragionevole cominciare a fare una riflessione sulla quarantena per il vaccinato\", ha dichiarato il presidente del Veneto, Luca Zaia, nel consueto punto sul Covid, precisando che andrebbe rivista \"in particolare quella prevista per chi ha fatto la terza dose, ora uguale a quella degli altri\".<\/p>\n\n\n\n<p>\"Condivido la riflessione che vada rivista la quarantena per i vaccinati. Massima sicurezza senza bloccare il Paese\". Lo scrive su Twitter, Massimiliano Fedriga, presidente del Friuli Venezia Giulia e presidente della Conferenza delle Regioni.<\/p>\n\n\n\n<p>\"Il Natale 2021 \u00e8 completamente diverso dal Natale 2020: non possiamo continuare a mettere in atto le stesse misure di un anno fa, quando nessuno era vaccinato\". Lo afferma, intervistato dal&nbsp;Corriere della Sera,&nbsp;Matteo Bassetti, direttore della clinica di Malattie Infettive all'Ospedale San Martino di Genova, che propone di mettere in quarantena solo chi \u00e8 contagiato e non i suoi contatti.<\/p>\n\n\n\n<p>\"La quarantena andrebbe riservata solo ai positivi - prosegue Bassetti - non ha senso chiudere in casa anche i familiari e i contatti stretti, se sono in salute. Per non parlare dell'isteria da&nbsp;tamponi: i vaccinati dovrebbero farselo solo se hanno sintomi. Peraltro ricordiamo ancora una volta che il&nbsp;tampone d\u00e0 una falsa sicurezza, perch\u00e9 \u00e8 l'istantanea di un attimo e pu\u00f2 dare falsi negativi\".<\/p>\n","protected":false},"excerpt":{"rendered":"<p>Roma, 28 Dic 2021 &#8211; Il Governo ha convocato il Comitato tecnico scientifico per domani mattina. All&#8217;ordine del giorno, a quanto si apprende, l&#8217;ipotesi di&#8230;<\/p>\n","protected":false},"author":2,"featured_media":215676,"comment_status":"closed","ping_status":"open","sticky":false,"template":"","format":"standard","meta":[],"categories":[49,50],"tags":[],"_links":{"self":[{"href":"https:\/\/www.cronacaonline.it\/index.php\/wp-json\/wp\/v2\/posts\/215925"}],"collection":[{"href":"https:\/\/www.cronacaonline.it\/index.php\/wp-json\/wp\/v2\/posts"}],"about":[{"href":"https:\/\/www.cronacaonline.it\/index.php\/wp-json\/wp\/v2\/types\/post"}],"author":[{"embeddable":true,"href":"https:\/\/www.cronacaonline.it\/index.php\/wp-json\/wp\/v2\/users\/2"}],"replies":[{"embeddable":true,"href":"https:\/\/www.cronacaonline.it\/index.php\/wp-json\/wp\/v2\/comments?post=215925"}],"version-history":[{"count":1,"href":"https:\/\/www.cronacaonline.it\/index.php\/wp-json\/wp\/v2\/posts\/215925\/revisions"}],"predecessor-version":[{"id":215926,"href":"https:\/\/www.cronacaonline.it\/index.php\/wp-json\/wp\/v2\/posts\/215925\/revisions\/215926"}],"wp:featuredmedia":[{"embeddable":true,"href":"https:\/\/www.cronacaonline.it\/index.php\/wp-json\/wp\/v2\/media\/215676"}],"wp:attachment":[{"href":"https:\/\/www.cronacaonline.it\/index.php\/wp-json\/wp\/v2\/media?parent=215925"}],"wp:term":[{"taxonomy":"category","embeddable":true,"href":"https:\/\/www.cronacaonline.it\/index.php\/wp-json\/wp\/v2\/categories?post=215925"},{"taxonomy":"post_tag","embeddable":true,"href":"https:\/\/www.cronacaonline.it\/index.php\/wp-json\/wp\/v2\/tags?post=215925"}],"curies":[{"name":"wp","href":"https:\/\/api.w.org\/{rel}","templated":true}]}}