{"id":215907,"date":"2021-12-27T15:29:52","date_gmt":"2021-12-27T14:29:52","guid":{"rendered":"https:\/\/www.cronacaonline.it\/?p=215907"},"modified":"2021-12-27T15:29:54","modified_gmt":"2021-12-27T14:29:54","slug":"ambiente-assessore-lampis-e-presidente-solinas-sei-milioni-di-euro-ai-comuni-nel-triennio-2021-23-per-combattere-erosione-costiera-e-per-sicurezza-dei-cittadini-nei-litorali","status":"publish","type":"post","link":"https:\/\/www.cronacaonline.it\/index.php\/2021\/12\/27\/ambiente-assessore-lampis-e-presidente-solinas-sei-milioni-di-euro-ai-comuni-nel-triennio-2021-23-per-combattere-erosione-costiera-e-per-sicurezza-dei-cittadini-nei-litorali\/","title":{"rendered":"Ambiente, Assessore Lampis e presidente Solinas: \u2018sei milioni di euro ai comuni nel triennio 2021-23 per combattere erosione costiera e per sicurezza dei cittadini nei litorali\u2019."},"content":{"rendered":"\n<p>Cagliari, 27 Dic 2021 \u2013\u00a0\u201cCon interventi strutturali, e non, di difesa del suolo in ambito litoraneo, con la messa in sicurezza, la mitigazione e la prevenzione del rischio idrogeologico e di erosione costiera, oltrech\u00e9 la riqualificazione ambientale, vogliamo incidere sulla riduzione della popolazione esposta a rischio e, non secondariamente, preservare e riqualificare l\u2019ambiente e le componenti del territorio come beni di fruizione in sicurezza da parte dei cittadini per il miglioramento delle condizioni e della qualit\u00e0 della vita\u201d. Lo afferma in una nota congiunta con l\u2019assessore all\u2019Ambiente della Regione Sardegna il presidente Christian Solinas, dopo l\u2019approvazione della delibera che stanzia 2 milioni di euro, per ciascuna annualit\u00e0 nel triennio 2021-2023, finalizzati ad interventi che riguardano opere di interesse regionale, interventi di riqualificazione ambientale a salvaguardia dell\u2019erosione costiera.<\/p>\n\n\n\n<p>\u201cCon gli stanziamenti per il triennio \u2013 ha aggiunto l'assessore regionale della Difesa dell\u2019ambiente, Gianni Lampis \u2013 vogliamo agire con una maggiore sensibilit\u00e0 verso quei territori, anche contigui a quelli dove si \u00e8 gi\u00e0 intervenuto, nei quali sussistono le medesime situazioni di criticit\u00e0, seppure non ricadenti pienamente o non ricompresi negli ambiti della pianificazione di bacino. Infatti, \u00e8 ricorrente che gli ambiti limitrofi a quelli interessati da rilevanti opere di difesa idrogeologica e di contrasto all\u2019erosione costiera, pur soggetti alle medesime criticit\u00e0 e dissesto, non sono stati interessati da opere di raccordo o completamento con il territorio contiguo, con conseguente degrado e incremento della pericolosit\u00e0, che spesso hanno portato alla permanente interdizione del territorio alla fruizione pubblica\u201d.<\/p>\n\n\n\n<p>La prima parte del programma di spesa triennale, con 2 milioni di euro destinati ai Comuni, \u00e8 stata cos\u00ec ripartita: Pula per la messa in sicurezza del litorale, del costone roccioso sottostante la torre di Sant'Efisio e dell\u2019area archeologica di Nora 750mila euro; Badesi per la riqualificazione ambientale del litorale in localit\u00e0 Li Junchi 600mila; Golfo Aranci per la messa in sicurezza del litorale di Cala Moresca 400mila; Santa Giusta per la salvaguardia dall\u2019erosione costiera e la riqualificazione ambientale 250mila.<\/p>\n\n\n\n<p>\u201cL\u2019obiettivo \u00e8 perseguire la realizzazione di nuove opere o per completamenti funzionali di opere programmate con fondi comunitari e statali, operando azioni di difesa sul territorio per preservare e salvaguardare il bene costiero e quindi permettere, in questi ambiti vulnerabili di pregio ambientale e territoriale, il perseguimento degli obiettivi di sviluppo sostenibile, che riguardano, tra gli altri, la lotta ai cambiamenti climatici, in coerenza con l\u2019agenda globale per lo sviluppo sostenibile 2030\u201d, ha concluso l\u2019esponente della Giunta Sarda.<\/p>\n\n\n\n<p>Con precedenti programmi in difesa della fascia costiera dai fenomeni di erosione e dal dissesto geomorfologico sono stati gi\u00e0 finanziati 31 interventi urgenti, con una spesa complessiva di 38.050.000 euro, per la prevenzione e la messa in sicurezza degli ambiti costieri pi\u00f9 a rischio, salvaguardando alcuni contesti di maggior pregio naturalistico in condizioni di grave degrado strutturale nei territori di 23 Comuni: Castelsardo, Valledoria, Pula, Dorgali, Bosa, Porto Torres, Alghero, San Vero Milis, Villanova Monteleone, Arbus, Tresnuraghes, Magomadas, Cabras, Capoterra, Sorso, Cagliari, Sinnai, Budoni, Badesi, San Teodoro, Calasetta, Posada e Sarroch. Com<\/p>\n","protected":false},"excerpt":{"rendered":"<p>Cagliari, 27 Dic 2021 \u2013\u00a0\u201cCon interventi strutturali, e non, di difesa del suolo in ambito litoraneo, con la messa in sicurezza, la mitigazione e la&#8230;<\/p>\n","protected":false},"author":2,"featured_media":184956,"comment_status":"closed","ping_status":"open","sticky":false,"template":"","format":"standard","meta":[],"categories":[49,52],"tags":[],"_links":{"self":[{"href":"https:\/\/www.cronacaonline.it\/index.php\/wp-json\/wp\/v2\/posts\/215907"}],"collection":[{"href":"https:\/\/www.cronacaonline.it\/index.php\/wp-json\/wp\/v2\/posts"}],"about":[{"href":"https:\/\/www.cronacaonline.it\/index.php\/wp-json\/wp\/v2\/types\/post"}],"author":[{"embeddable":true,"href":"https:\/\/www.cronacaonline.it\/index.php\/wp-json\/wp\/v2\/users\/2"}],"replies":[{"embeddable":true,"href":"https:\/\/www.cronacaonline.it\/index.php\/wp-json\/wp\/v2\/comments?post=215907"}],"version-history":[{"count":1,"href":"https:\/\/www.cronacaonline.it\/index.php\/wp-json\/wp\/v2\/posts\/215907\/revisions"}],"predecessor-version":[{"id":215908,"href":"https:\/\/www.cronacaonline.it\/index.php\/wp-json\/wp\/v2\/posts\/215907\/revisions\/215908"}],"wp:featuredmedia":[{"embeddable":true,"href":"https:\/\/www.cronacaonline.it\/index.php\/wp-json\/wp\/v2\/media\/184956"}],"wp:attachment":[{"href":"https:\/\/www.cronacaonline.it\/index.php\/wp-json\/wp\/v2\/media?parent=215907"}],"wp:term":[{"taxonomy":"category","embeddable":true,"href":"https:\/\/www.cronacaonline.it\/index.php\/wp-json\/wp\/v2\/categories?post=215907"},{"taxonomy":"post_tag","embeddable":true,"href":"https:\/\/www.cronacaonline.it\/index.php\/wp-json\/wp\/v2\/tags?post=215907"}],"curies":[{"name":"wp","href":"https:\/\/api.w.org\/{rel}","templated":true}]}}