{"id":215895,"date":"2021-12-27T11:47:00","date_gmt":"2021-12-27T10:47:00","guid":{"rendered":"https:\/\/www.cronacaonline.it\/?p=215895"},"modified":"2021-12-27T11:47:02","modified_gmt":"2021-12-27T10:47:02","slug":"acque-la-regione-adotta-due-nuovi-piani-di-gestione-assessore-salaris-e-presidente-solinas-strumenti-fondamentali-per-un-utilizzo-corretto-e-responsabile-della-risorsa-idrica","status":"publish","type":"post","link":"https:\/\/www.cronacaonline.it\/index.php\/2021\/12\/27\/acque-la-regione-adotta-due-nuovi-piani-di-gestione-assessore-salaris-e-presidente-solinas-strumenti-fondamentali-per-un-utilizzo-corretto-e-responsabile-della-risorsa-idrica\/","title":{"rendered":"Acque, la regione adotta due nuovi piani di gestione. Assessore Salaris e presidente Solinas: \u201cstrumenti fondamentali per un utilizzo corretto e responsabile della risorsa idrica\u201d."},"content":{"rendered":"\n<p>Cagliari, 27 Dic 2021 -\u00a0Il Comitato Istituzionale dell'Autorit\u00e0 di Bacino ha adottato gli aggiornamenti di due fondamentali strumenti di pianificazione delle risorse idriche e dell\u2019assetto idrogeologico, il Piano di Gestione del Distretto idrografico della Sardegna e il Piano di Gestione del Rischio di alluvioni (PGRA).<\/p>\n\n\n\n<p>\u201cI nuovi strumenti costituiscono il fondamento per il monitoraggio dello stato della risorsa idrica e delle condizioni di sicurezza idrogeologica \u2013 afferma in una nota l\u2019Assessore dei Lavori Pubblici, Aldo Salaris - e consentono alla Sardegna non solo di adempiere alle stringenti disposizioni delle direttive comunitarie (evitando cos\u00ec di incorrere in procedure di infrazione) ma soprattutto di mettere a disposizione dell\u2019intero bacino regionale sardo due fondamentali strumenti di gestione del territorio e di supporto alla programmazione del Piano nazionale di ripresa e resilienza e degli altri programmi di finanziamento\u201d, ha concluso l\u2019esponente della Giunta della Regione Sardegna.<\/p>\n\n\n\n<p>\u201cL\u2019acqua \u00e8 un bene prezioso ma limitato e fragile \u2013 aggiunge il Presidente della Regione Christian Solinas \u2013 Da un utilizzo responsabile della risorsa dipende non solo la salvaguardia del patrimonio ambientale e l\u2019approvvigionamento potabile, ma anche comparti strategici dell\u2019economia della Regione come l\u2019agricoltura, il turismo e l\u2019industria\u201d. Entrambi i Piani adottati nel corso dell\u2019ultima riunione del Comitato Istituzionale d\u2019Ambito sono l\u2019esito di un lungo e articolato processo che ha coinvolto non solo le strutture dell\u2019Amministrazione regionale e degli Enti e Agenzie del sistema Regione ma anche il mondo accademico, esperti e portatori di interesse, istituzioni ed enti locali, ordini professionali, associazioni e cittadini.<\/p>\n\n\n\n<p>Il Piano di Gestione del Distretto idrografico della Sardegna (documento fondamentale previsto dalla Direttiva Quadro sulle Acque), istituisce un quadro uniforme a livello comunitario in materia di risorse idriche, per la protezione di tutte le acque - superficiali interne, acque di transizione, acque costiere e sotterranee \u2013 con l\u2019obiettivo di assicurare la prevenzione e la riduzione dell'inquinamento, agevolare l'utilizzo idrico sostenibile, proteggere l'ambiente, migliorare le condizioni degli ecosistemi acquatici e mitigare gli effetti delle inondazioni e della siccit\u00e0, anche attraverso il coinvolgimento attivo dei diversi Soggetti territoriali e delle comunit\u00e0. Pi\u00f9 nel dettaglio, il Piano di gestione presenta analisi riguardanti l\u2019intero sistema dei corpi idrici del bacino della Sardegna, la rilevazione delle pressioni e degli impatti, una panoramica sulle aree protette, una disamina dello stato delle acque superficiali e sotterranee, l\u2019analisi economica, gli obiettivi ambientali e, quale strumento operativo, il programma delle misure da adottare per garantire un uso sostenibile della risorsa idrica.<\/p>\n\n\n\n<p>Il Piano di Gestione del Rischio di alluvioni (PGRA) \u00e8 invece finalizzato alla riduzione delle conseguenze che derivano dalle alluvioni sulla salute umana, sull\u2019ambiente e sulla societ\u00e0. Il Piano \u00e8 esteso all\u2019intero territorio regionale della Sardegna e si integra, coordinandoli, con gli altri piani vigenti per la mitigazione del rischio idrogeologico, ovvero il Piano di Assetto Idrogeologico (PAI) e il Piano Stralcio delle Fasce Fluviali (PSFF). Il PGRA costituisce la base conoscitiva e operativa che supporta le attivit\u00e0 di pianificazione locale indirizzandole alla considerazione di tutti gli elementi per la mitigazione del rischio idrogeologico e all\u2019attuazione delle necessarie misure di preparazione, prevenzione e protezione. Costituendo un supporto alla pianificazione territoriale locale, \u00e8 indirizzato in primo luogo agli amministratori locali, ai tecnici, ai professionisti e in generale a tutti i soggetti che istituzionalmente sono coinvolti nella pianificazione delle attivit\u00e0 di mitigazione del rischio idrogeologico, ma \u00e8 anche rivolto ai cittadini e a tutti coloro che pur senza specifiche competenze tecniche sono interessati dalle conseguenze delle alluvioni e quindi sono chiamati a contribuire attivamente nelle attivit\u00e0 di prevenzione e di riduzione della pericolosit\u00e0 in caso del verificarsi di eventi alluvionali.<\/p>\n\n\n\n<p>Dopo il parere della quarta Commissione del Consiglio regionale i Piani verranno approvati con Decreto del Presidente del Consiglio dei Ministri. Com<\/p>\n","protected":false},"excerpt":{"rendered":"<p>Cagliari, 27 Dic 2021 &#8211;\u00a0Il Comitato Istituzionale dell&#8217;Autorit\u00e0 di Bacino ha adottato gli aggiornamenti di due fondamentali strumenti di pianificazione delle risorse idriche e dell\u2019assetto&#8230;<\/p>\n","protected":false},"author":2,"featured_media":208753,"comment_status":"closed","ping_status":"open","sticky":false,"template":"","format":"standard","meta":[],"categories":[49,52],"tags":[],"_links":{"self":[{"href":"https:\/\/www.cronacaonline.it\/index.php\/wp-json\/wp\/v2\/posts\/215895"}],"collection":[{"href":"https:\/\/www.cronacaonline.it\/index.php\/wp-json\/wp\/v2\/posts"}],"about":[{"href":"https:\/\/www.cronacaonline.it\/index.php\/wp-json\/wp\/v2\/types\/post"}],"author":[{"embeddable":true,"href":"https:\/\/www.cronacaonline.it\/index.php\/wp-json\/wp\/v2\/users\/2"}],"replies":[{"embeddable":true,"href":"https:\/\/www.cronacaonline.it\/index.php\/wp-json\/wp\/v2\/comments?post=215895"}],"version-history":[{"count":1,"href":"https:\/\/www.cronacaonline.it\/index.php\/wp-json\/wp\/v2\/posts\/215895\/revisions"}],"predecessor-version":[{"id":215896,"href":"https:\/\/www.cronacaonline.it\/index.php\/wp-json\/wp\/v2\/posts\/215895\/revisions\/215896"}],"wp:featuredmedia":[{"embeddable":true,"href":"https:\/\/www.cronacaonline.it\/index.php\/wp-json\/wp\/v2\/media\/208753"}],"wp:attachment":[{"href":"https:\/\/www.cronacaonline.it\/index.php\/wp-json\/wp\/v2\/media?parent=215895"}],"wp:term":[{"taxonomy":"category","embeddable":true,"href":"https:\/\/www.cronacaonline.it\/index.php\/wp-json\/wp\/v2\/categories?post=215895"},{"taxonomy":"post_tag","embeddable":true,"href":"https:\/\/www.cronacaonline.it\/index.php\/wp-json\/wp\/v2\/tags?post=215895"}],"curies":[{"name":"wp","href":"https:\/\/api.w.org\/{rel}","templated":true}]}}