{"id":215891,"date":"2021-12-27T09:37:30","date_gmt":"2021-12-27T08:37:30","guid":{"rendered":"https:\/\/www.cronacaonline.it\/?p=215891"},"modified":"2021-12-27T09:37:32","modified_gmt":"2021-12-27T08:37:32","slug":"il-piano-anti-omicron-del-generale-figliuolo-screening-nelle-scuole-e-terze-dosi","status":"publish","type":"post","link":"https:\/\/www.cronacaonline.it\/index.php\/2021\/12\/27\/il-piano-anti-omicron-del-generale-figliuolo-screening-nelle-scuole-e-terze-dosi\/","title":{"rendered":"Il piano anti-Omicron del generale Figliuolo: &#8220;Screening nelle scuole e terze dosi&#8221;."},"content":{"rendered":"\n<p>Roma, 27 Dic 2021 - \"Siamo pronti a vaccinare tutti i cittadini che lo vorranno e ad avviare lo screening nelle scuole. Ora pi\u00f9 che mai dobbiamo ricordarci che il vaccino \u00e8 l'unico sistema per proteggerci dal virus e dalle sue varianti\".<\/p>\n\n\n\n<p>Intervistato dal Corriere della Sera, il generale Francesco Paolo Figliuolo - commissario straordinario per l'attuazione delle misure per il contenimento e il contrasto del Covid-19 - assicura che il&nbsp;piano \u00e8 operativo&nbsp;di fronte all'impennata dei contagi registrata nell'ultima settimana a causa della variante Omicron.<\/p>\n\n\n\n<p>\"Aumentare il numero di persone vaccinate e che hanno ricevuto il booster ci aiuter\u00e0 a consolidare la barriera costruita finora con oltre 108 milioni di somministrazioni dall'inizio della campagna vaccinale\", sottolinea Figliuolo al quotidiano, \"Si tratta di decisioni prese a ragion veduta e coerenti con le disponibilit\u00e0 di dosi. Con l'apertura a quattro mesi, dal prossimo 10 gennaio, considerando le dosi attualmente disponibili e quelle che saranno distribuite nel prossimo mese, si potr\u00e0 soddisfare la platea di potenziali ricettori\".<\/p>\n\n\n\n<p>Con i presidenti delle Regioni \"mi sento molto spesso, seguiamo il metodo basato su un'analisi attenta alle singole situazioni locali, individuando punti di forza ed eventuali criticit\u00e0\", prosegue il commissario, \"La Struttura che dirigo continua a operare in modo bilanciato, attraverso contatti e aggiornamenti quotidiani a livello tecnico con le Regioni, per assicurare il coordinamento. I risultati finora sono stati eccellenti, come testimoniano le cifre a livello nazionale: oggi&nbsp;la popolazione protetta con almeno una dose di vaccino, pi\u00f9 i guariti da sei mesi al massimo,&nbsp;\u00e8 pari a circa il 90 per cento&nbsp;degli over 12\".<\/p>\n\n\n\n<p>Per quanto riguarda lo&nbsp;screening nelle scuole, \"ogni Regione metter\u00e0 a punto un dispositivo e grazie alla grande disponibilit\u00e0 del ministro alla Difesa Guerini avremo il supporto dei team e dei laboratori militari. Prima della pausa natalizia, il personale militare ha effettuato oltre 18 mila tamponi in 470 istituti scolastici. La Difesa, che \u00e8 prontamente scesa in campo sin dall'inizio della pandemia sta attualmente impiegando a sostegno delle Regioni una parte importante delle proprie risorse di personale e di strutture specializzate, che operano in un ampio spettro di attivit\u00e0. Lo screening \u00e8 una di queste\".<\/p>\n\n\n\n<p>Figliuolo \u00e8 anche a capo del Comando operativo di vertice interforze (Covi) dal quale dipendono le operazioni militari all'estero e sul territorio nazionale, comprese quelle di supporto al contrasto della pandemia. Tra queste c'\u00e8 \"Athena\" che contribuisce al tracciamento dei contagi nelle scuole. Per quanto concerne la&nbsp;ripresa delle lezioni&nbsp;e il problema mascherine nelle scuole, \"il governo\", sottolinea il commissario, \"ha stanziato 5 milioni di euro che saranno impiegati per l'acquisto di mascherine Ffp2 da distribuire a chi svolge attivit\u00e0 scolastiche e didattiche a favore dell'infanzia, e a chi \u00e8 a contatto con alunni esonerati dall'obbligo di indossare dispositivi di protezione delle vie respiratorie. Sono gi\u00e0 state svolte due riunioni propedeutiche all'acquisto delle mascherine e, insieme al ministero dell'Istruzione, si proceder\u00e0 a definire nel dettaglio l'esigenza\".<\/p>\n\n\n\n<p>\"Ma la Difesa - continua il generale - ha anche il suo impegno nell'ambito dell'operazione \"Eos\", finalizzata a fornire supporto per l'attivit\u00e0 di somministrazione di vaccini a favore della popolazione civile, senza contare lo stoccaggio dei vaccini presso l'aeroporto militare di Pratica di Mare e il successivo trasporto nei vari siti regionali. Tutte queste attivit\u00e0 costituiscono un importante contributo che si inserisce pienamente nel quadro delle misure contro il Covid che vengono coordinate dalla Struttura commissariale\".<\/p>\n\n\n\n<p>E sul ritmo ideale per le vaccinazioni, Figliuolo risponde: \"\u00c8 in corso una campagna senza precedenti che in questo momento viaggia a un ritmo elevato, paragonabile a quello della scorsa primavera, quando il programma cambi\u00f2 passo facendo registrare pi\u00f9 di&nbsp;500 mila somministrazioni al giorno\", afferma, \"Il livello ideale \u00e8 quello che ottimizza le risorse di personale vaccinatore e vaccini, bilanciando le attivit\u00e0 dei punti di somministrazione in modo efficiente. Secondo l'ultimo report settimanale della Struttura, pubblicato venerd\u00ec, siamo a oltre 523 mila dosi giornaliere, con trend a salire\".<\/p>\n\n\n\n<p>A fine gennaio ci sar\u00e0 il nuovo vaccino Novavax: \"\u00c8 previsto l'arrivo di 2,9 milioni di dosi, con la prima consegna di circa 1,5 milioni che avverr\u00e0 presumibilmente tra gennaio e febbraio\", conferma, \"Premesso che tutti i vaccini di cui disponiamo sono sicuri, essendo stati autorizzati dall'Ema e dall'Aifa, con Novavax che \u00e8 un vaccino di tipo tradizionale che si basa sulla tecnologia delle proteine ricombinanti, gi\u00e0 usata da decenni per altri preparati, avremo un'arma in pi\u00f9 contro il Covid-19 che consentir\u00e0 alla campagna vaccinale di andare pi\u00f9 spedita\".<\/p>\n\n\n\n<p>Sar\u00e0 utilizzato, conclude il generale, \"per i cicli primari degli over 18 e mi auguro che contribuir\u00e0 a con vincere chi \u00e8 ancora esitante.&nbsp;Occorre continuare a informare e rassicurare&nbsp;sul fatto che la vaccinazione \u00e8 l'unico sistema \u2014 insieme alla prevenzione \u2014 per proteggerci dal virus e dalle sue varianti. Da questo punto di vista conto molto sul ruolo dei medici di famiglia, dei farmacisti, dei pediatri, degli specialisti. Sono figure di fiducia, vicine alle persone e alle famiglie, ne conoscono il vissuto e possono fare la differenza nello sciogliere dubbi e ritrosie. La parola va data alla scienza, e questa va divulgata con il tratto e l'approccio giusto\".<\/p>\n","protected":false},"excerpt":{"rendered":"<p>Roma, 27 Dic 2021 &#8211; &#8220;Siamo pronti a vaccinare tutti i cittadini che lo vorranno e ad avviare lo screening nelle scuole. Ora pi\u00f9 che&#8230;<\/p>\n","protected":false},"author":2,"featured_media":215456,"comment_status":"closed","ping_status":"open","sticky":false,"template":"","format":"standard","meta":[],"categories":[49,50],"tags":[],"_links":{"self":[{"href":"https:\/\/www.cronacaonline.it\/index.php\/wp-json\/wp\/v2\/posts\/215891"}],"collection":[{"href":"https:\/\/www.cronacaonline.it\/index.php\/wp-json\/wp\/v2\/posts"}],"about":[{"href":"https:\/\/www.cronacaonline.it\/index.php\/wp-json\/wp\/v2\/types\/post"}],"author":[{"embeddable":true,"href":"https:\/\/www.cronacaonline.it\/index.php\/wp-json\/wp\/v2\/users\/2"}],"replies":[{"embeddable":true,"href":"https:\/\/www.cronacaonline.it\/index.php\/wp-json\/wp\/v2\/comments?post=215891"}],"version-history":[{"count":1,"href":"https:\/\/www.cronacaonline.it\/index.php\/wp-json\/wp\/v2\/posts\/215891\/revisions"}],"predecessor-version":[{"id":215892,"href":"https:\/\/www.cronacaonline.it\/index.php\/wp-json\/wp\/v2\/posts\/215891\/revisions\/215892"}],"wp:featuredmedia":[{"embeddable":true,"href":"https:\/\/www.cronacaonline.it\/index.php\/wp-json\/wp\/v2\/media\/215456"}],"wp:attachment":[{"href":"https:\/\/www.cronacaonline.it\/index.php\/wp-json\/wp\/v2\/media?parent=215891"}],"wp:term":[{"taxonomy":"category","embeddable":true,"href":"https:\/\/www.cronacaonline.it\/index.php\/wp-json\/wp\/v2\/categories?post=215891"},{"taxonomy":"post_tag","embeddable":true,"href":"https:\/\/www.cronacaonline.it\/index.php\/wp-json\/wp\/v2\/tags?post=215891"}],"curies":[{"name":"wp","href":"https:\/\/api.w.org\/{rel}","templated":true}]}}