{"id":215884,"date":"2021-12-26T11:32:26","date_gmt":"2021-12-26T10:32:26","guid":{"rendered":"https:\/\/www.cronacaonline.it\/?p=215884"},"modified":"2021-12-26T11:33:16","modified_gmt":"2021-12-26T10:33:16","slug":"vaccinazioni-anti-covid-nellisola-circa-3-milioni-di-dosi-in-un-anno-il-presidente-solinas-portiamo-avanti-la-campagna-piu-imponente-che-la-sardegna-abbia-mai-conosciuto","status":"publish","type":"post","link":"https:\/\/www.cronacaonline.it\/index.php\/2021\/12\/26\/vaccinazioni-anti-covid-nellisola-circa-3-milioni-di-dosi-in-un-anno-il-presidente-solinas-portiamo-avanti-la-campagna-piu-imponente-che-la-sardegna-abbia-mai-conosciuto\/","title":{"rendered":"Vaccinazioni anti Covid, nell&#8217;isola circa 3 milioni di dosi in un anno. Assessore Nieddu e presidente Solinas: \u201cportiamo avanti la campagna pi\u00f9 imponente che la Sardegna abbia mai conosciuto\u201d."},"content":{"rendered":"\n<p>Cagliari, 26 Dic 2021&nbsp;- La campagna di vaccinazione anti-Covid compie un anno. Il 26 dicembre 2020 sbarcavano nell\u2019Isola le prime dosi del siero a MRna Pfizer-BioNtech trasportate con volo militare dall\u2019aeroporto di Pratica di Mare. Il giorno seguente anche la Sardegna avrebbe partecipato al \u2018Vaccine Day\u2019 nazionale (o VDay) con le prime somministrazioni al personale sanitario. Oggi, a distanza di 12 mesi, sono quasi 3 milioni (2.956.000) le dosi somministrate nell'Isola, di cui il 67% Pfizer, 20% Moderna, 12% AstraZeneca e 1% Johnson&amp;Johnson. Il picco pi\u00f9 alto di somministrazioni \u00e8 stato raggiunto il 22 maggio con 24.752 inoculazioni in una sola giornata, mentre per quanto riguarda le terze dosi, la cui campagna \u00e8 partita a fine settembre di quest'anno, il dato pi\u00f9 alto \u00e8 stato registrato il 10 dicembre con 14.682 vaccinazioni per un totale di 413 mila dosi somministrate. Dal 16 dicembre la campagna di vaccinazione ha aperto anche alla fascia d'et\u00e0 5-11 anni, per un totale di 4.000 dosi pediatriche somministrate in poco pi\u00f9 di una settimana.<\/p>\n\n\n\n<p>Con una copertura del 79,2% la Sardegna \u00e8 fra le prime sette regioni per popolazione che ha completato il ciclo vaccinale, contro una media nazionale che si assesta al 78%. Nella fascia d'et\u00e0 12-19 anni la Sardegna \u00e8 la prima regione per popolazione con ciclo completo con la copertura del 79,11% della platea, l\u00e0 dove la media italiana segna il 72,36%.<\/p>\n\n\n\n<p>\u201cIn un anno di campagna vaccinale \u00e8 stato fatto un lavoro immenso\u201d, scrive in una nota l'assessore regionale della Sanit\u00e0, Mario Nieddu. \u201cGrazie agli operatori sanitari, ai volontari e a tutte le persone che hanno prestato e che ancora oggi prestano servizio nei centri e nei punti di vaccinazione del territorio, siamo riusciti a raggiungere traguardi significativi. Continuiamo a seguire puntualmente l'evoluzione della curva pandemica. La campagna di vaccinazione prosegue e la massima attenzione resta alle categorie pi\u00f9 fragili\u201d.<\/p>\n\n\n\n<p>\u201cStiamo portando avanti la pi\u00f9 imponente campagna di vaccinazione che la Sardegna abbia mai conosciuto, sia per i numeri in gioco, sia dal punto di vista dell'organizzazione e delle forze in campo\u201d, aggiunge il Presidente della Regione, Christian Solinas. \u201cIn un anno \u2013 conclude il Presidente \u2013 abbiamo segnato risultati importanti e affrontato un percorso di costante crescita nella lotta al virus. In rapporto all'andamento della curva pandemica il numero delle ospedalizzazioni e soprattutto dei casi pi\u00f9 gravi resta contenuto e questo grazie alla copertura vaccinale. Tuttavia il Covid rappresenta ancora una minaccia a causa della diffusione delle nuove varianti e la battaglia non \u00e8 ancora vinta. Serviranno ancora responsabilit\u00e0 e impegno da parte di tutti\u201d. Com<\/p>\n","protected":false},"excerpt":{"rendered":"<p>Cagliari, 26 Dic 2021&nbsp;&#8211; La campagna di vaccinazione anti-Covid compie un anno. Il 26 dicembre 2020 sbarcavano nell\u2019Isola le prime dosi del siero a MRna&#8230;<\/p>\n","protected":false},"author":2,"featured_media":215299,"comment_status":"closed","ping_status":"open","sticky":false,"template":"","format":"standard","meta":[],"categories":[49,52],"tags":[],"_links":{"self":[{"href":"https:\/\/www.cronacaonline.it\/index.php\/wp-json\/wp\/v2\/posts\/215884"}],"collection":[{"href":"https:\/\/www.cronacaonline.it\/index.php\/wp-json\/wp\/v2\/posts"}],"about":[{"href":"https:\/\/www.cronacaonline.it\/index.php\/wp-json\/wp\/v2\/types\/post"}],"author":[{"embeddable":true,"href":"https:\/\/www.cronacaonline.it\/index.php\/wp-json\/wp\/v2\/users\/2"}],"replies":[{"embeddable":true,"href":"https:\/\/www.cronacaonline.it\/index.php\/wp-json\/wp\/v2\/comments?post=215884"}],"version-history":[{"count":2,"href":"https:\/\/www.cronacaonline.it\/index.php\/wp-json\/wp\/v2\/posts\/215884\/revisions"}],"predecessor-version":[{"id":215886,"href":"https:\/\/www.cronacaonline.it\/index.php\/wp-json\/wp\/v2\/posts\/215884\/revisions\/215886"}],"wp:featuredmedia":[{"embeddable":true,"href":"https:\/\/www.cronacaonline.it\/index.php\/wp-json\/wp\/v2\/media\/215299"}],"wp:attachment":[{"href":"https:\/\/www.cronacaonline.it\/index.php\/wp-json\/wp\/v2\/media?parent=215884"}],"wp:term":[{"taxonomy":"category","embeddable":true,"href":"https:\/\/www.cronacaonline.it\/index.php\/wp-json\/wp\/v2\/categories?post=215884"},{"taxonomy":"post_tag","embeddable":true,"href":"https:\/\/www.cronacaonline.it\/index.php\/wp-json\/wp\/v2\/tags?post=215884"}],"curies":[{"name":"wp","href":"https:\/\/api.w.org\/{rel}","templated":true}]}}