{"id":215865,"date":"2021-12-25T08:07:18","date_gmt":"2021-12-25T07:07:18","guid":{"rendered":"https:\/\/www.cronacaonline.it\/?p=215865"},"modified":"2021-12-25T08:07:20","modified_gmt":"2021-12-25T07:07:20","slug":"messa-della-notte-di-natale-il-papa-dare-dignita-al-lavoro-basta-morti","status":"publish","type":"post","link":"https:\/\/www.cronacaonline.it\/index.php\/2021\/12\/25\/messa-della-notte-di-natale-il-papa-dare-dignita-al-lavoro-basta-morti\/","title":{"rendered":"Messa della Notte di Natale, il Papa: &#8220;Dare dignit\u00e0 al lavoro, basta morti&#8221;."},"content":{"rendered":"\n<p>Citt\u00e0 del Vaticano, 25 Dic 2021 - Papa Francesco ha celebrato questa notte la Messa della Notte di Natale\u00a0nella Basilica di San Pietro. Bergoglio, giunto all'Altare della Cattedra, ha ascoltato la recita della Calenda, quindi ha svelato la statua del Bambino, l'ha baciata e l'ha incensata.<\/p>\n\n\n\n<p>Un atto di devozione anche di fronte all'icona della Madonna Salus Populi Romani, cui \u00e8 particolarmente legato, e dopo che un gruppo di bambini di diversa nazionalit\u00e0 hanno portato all'altare alcuni mazzi di fiori, ha ascoltato il coro della Sistina intonare il \"Dominus dixit ad me\".<\/p>\n\n\n\n<p>\"Ges\u00f9 nasce l\u00ec, vicino ai pastori, vicino ai dimenticati delle periferie - ha detto il Papa nella messa della Notte di Natale -. Viene dove la dignit\u00e0 dell'uomo \u00e8 messa alla prova. Viene a nobilitare gli esclusi e si rivela anzitutto a loro: non a personaggi colti e importanti, ma a gente povera che lavorava\"<\/p>\n\n\n\n<p>&nbsp;\"Dio stanotte viene a colmare di dignit\u00e0 la durezza del lavoro - ha aggiunto -. Ci ricorda quanto \u00e8 importante dare dignit\u00e0 all'uomo con il lavoro, ma anche 'dare dignit\u00e0 al lavoro dell'uomo', perch\u00e9 l'uomo \u00e8 signore e non schiavo del lavoro. Nel giorno della Vita ripetiamo: basta morti sul lavoro! E impegniamoci per questo\".<\/p>\n\n\n\n<p>\"Guardiamo ancora al presepe e vediamo che Ges\u00f9 alla nascita \u00e8 circondato proprio dai piccoli, dai poveri - ha sottolineato il Pontefice -. Chi sono? 'I pastori'. Erano i pi\u00f9 semplici e sono stati i pi\u00f9 vicini al Signore. Lo hanno trovato perch\u00e9, 'pernottando all'aperto, vegliavano tutta la notte facendo la guardia al loro gregge' (Lc2,8)\".<\/p>\n\n\n\n<p>\"Stavano l\u00ec per lavorare, perch\u00e9 erano poveri e la loro vita non aveva orari, ma dipendeva dal gregge - ha ricordato Francesco -. Non potevano vivere come e dove volevano, ma si regolavano in base alle esigenze delle pecore che accudivano\".<\/p>\n\n\n\n<p>\"Accogliere la piccolezza significa ancora una cosa: abbracciare Ges\u00f9 'nei piccoli di oggi'. Amarlo, cio\u00e8, negli ultimi, servirlo nei poveri. Sono loro i pi\u00f9 simili a Ges\u00f9, nato povero. Ed \u00e8 in loro che Lui vuole essere onorato. In questa notte di amore un unico timore ci assalga: ferire l'amore di Dio, ferirlo disprezzando i poveri con la nostra indifferenza. Sono i prediletti di Ges\u00f9, che ci accoglieranno un giorno in Cielo\". Cos\u00ec il Papa nella messa della Notte di Natale.<\/p>\n\n\n\n<p>\"Non perdiamo di vista il Cielo, prendiamoci cura di Ges\u00f9 adesso, accarezzandolo nei bisognosi, perch\u00e9 in loro si \u00e8 identificato\", ha aggiunto.<\/p>\n\n\n\n<p>Il Papa ha anche voluto citare un verso di una nota autrice americana: \"Una poetessa ha scritto: 'Chi non ha trovato il Cielo quaggi\u00f9 lo mancher\u00e0 lass\u00f9' (E. Dickinson, Poems, P96-17)\".<\/p>\n","protected":false},"excerpt":{"rendered":"<p>Citt\u00e0 del Vaticano, 25 Dic 2021 &#8211; Papa Francesco ha celebrato questa notte la Messa della Notte di Natale\u00a0nella Basilica di San Pietro. Bergoglio, giunto&#8230;<\/p>\n","protected":false},"author":2,"featured_media":215866,"comment_status":"closed","ping_status":"open","sticky":false,"template":"","format":"standard","meta":[],"categories":[49,50],"tags":[],"_links":{"self":[{"href":"https:\/\/www.cronacaonline.it\/index.php\/wp-json\/wp\/v2\/posts\/215865"}],"collection":[{"href":"https:\/\/www.cronacaonline.it\/index.php\/wp-json\/wp\/v2\/posts"}],"about":[{"href":"https:\/\/www.cronacaonline.it\/index.php\/wp-json\/wp\/v2\/types\/post"}],"author":[{"embeddable":true,"href":"https:\/\/www.cronacaonline.it\/index.php\/wp-json\/wp\/v2\/users\/2"}],"replies":[{"embeddable":true,"href":"https:\/\/www.cronacaonline.it\/index.php\/wp-json\/wp\/v2\/comments?post=215865"}],"version-history":[{"count":1,"href":"https:\/\/www.cronacaonline.it\/index.php\/wp-json\/wp\/v2\/posts\/215865\/revisions"}],"predecessor-version":[{"id":215867,"href":"https:\/\/www.cronacaonline.it\/index.php\/wp-json\/wp\/v2\/posts\/215865\/revisions\/215867"}],"wp:featuredmedia":[{"embeddable":true,"href":"https:\/\/www.cronacaonline.it\/index.php\/wp-json\/wp\/v2\/media\/215866"}],"wp:attachment":[{"href":"https:\/\/www.cronacaonline.it\/index.php\/wp-json\/wp\/v2\/media?parent=215865"}],"wp:term":[{"taxonomy":"category","embeddable":true,"href":"https:\/\/www.cronacaonline.it\/index.php\/wp-json\/wp\/v2\/categories?post=215865"},{"taxonomy":"post_tag","embeddable":true,"href":"https:\/\/www.cronacaonline.it\/index.php\/wp-json\/wp\/v2\/tags?post=215865"}],"curies":[{"name":"wp","href":"https:\/\/api.w.org\/{rel}","templated":true}]}}