{"id":215832,"date":"2021-12-23T15:46:33","date_gmt":"2021-12-23T14:46:33","guid":{"rendered":"https:\/\/www.cronacaonline.it\/?p=215832"},"modified":"2021-12-23T15:46:35","modified_gmt":"2021-12-23T14:46:35","slug":"programma-tutti-a-iscola-pubblicato-avviso-pubblico-si-torna-tutti-a-iscola-per-lanno-scolastico-2021-2022-linea-ascoltoesupporto","status":"publish","type":"post","link":"https:\/\/www.cronacaonline.it\/index.php\/2021\/12\/23\/programma-tutti-a-iscola-pubblicato-avviso-pubblico-si-torna-tutti-a-iscola-per-lanno-scolastico-2021-2022-linea-ascoltoesupporto\/","title":{"rendered":"Programma tutti a Iscola: pubblicato avviso pubblico (si torna) tutti a Iscola per l\u2019anno scolastico 2021\/2022. Linea Ascoltoesupporto."},"content":{"rendered":"\n<p>Cagliari, 23 dicembre 2021 -\u00a0Da domani sar\u00e0 in pubblicazione l'avviso \u201cTutti a Iscola\u201d relativo alla linea \u201cAscoltoesupporto\u201d. Si tratta \u2013sottolinea l\u2019Assessore della Pubblica Istruzione, Andrea Biancareddu - della ripetizione della linea dell'avviso 2020-21, con l'importante novit\u00e0 del ritorno al numero di ore previsto fino al 2019-20 (360) e di una maggiore elasticit\u00e0 nella gestione dei professionisti coinvolti. Le domande potranno essere presentate sulla piattaforma SIL Sardegna del FSE dal\u00a010 al 24 gennaio 2022.\u00a0<\/p>\n\n\n\n<p>Le risorse disponibili, a seguito della riprogrammazione del POR FSE, ammontano complessivamente a&nbsp;4 milioni e 32 mila euro, anche se formalmente si parte con i 657 mila euro gi\u00e0 iscritti in bilancio in quanto sono risorse derivanti da economie maturate dagli avvisi pubblici relativi agli anni precedenti. I progetti avranno un costo massimo di 28 mila e 800 euro. La Regione, al fine di contribuire al raggiungimento degli obiettivi target dell\u2019Agenda 2030 per lo sviluppo sostenibile e degli obiettivi prefissati nell\u2019ambito del Programma Nazionale di Riforma, con l\u2019intento di innalzare i livelli di apprendimento degli studenti delle scuole sarde e contrastare il fenomeno dell\u2019abbandono scolastico, promuove azioni attuate in maniera integrata e continuativa.<\/p>\n\n\n\n<p>Agisce in continuit\u00e0 con l\u2019esperienza gi\u00e0 consolidata e soprattutto vuole essere un segnale di attenzione per il mondo della scuola che in questa difficile situazione lotta per ripartire.&nbsp;Sono beneficiarie dell\u2019intervento le Autonomie scolastiche e le Scuole non statali paritarie della Sardegna. In particolare, quelle che svolgono attivit\u00e0 nelle scuole primarie, scuole secondarie di primo grado e scuole secondarie di secondo grado. I destinatari saranno individuati dall\u2019Istituzione scolastica dando priorit\u00e0 agli studenti con disabilit\u00e0 o con disturbi specifici di apprendimento. Quelli con difficolt\u00e0 di inserimento e di integrazione con gli altri studenti, provenienti da famiglie con problematiche di natura sociale o economica e che presentano lacune di conoscenze in una o pi\u00f9 discipline da colmare per proseguire con profitto il percorso di studi. Com<\/p>\n","protected":false},"excerpt":{"rendered":"<p>Cagliari, 23 dicembre 2021 &#8211;\u00a0Da domani sar\u00e0 in pubblicazione l&#8217;avviso \u201cTutti a Iscola\u201d relativo alla linea \u201cAscoltoesupporto\u201d. Si tratta \u2013sottolinea l\u2019Assessore della Pubblica Istruzione, Andrea&#8230;<\/p>\n","protected":false},"author":2,"featured_media":196029,"comment_status":"closed","ping_status":"open","sticky":false,"template":"","format":"standard","meta":[],"categories":[49,52],"tags":[],"_links":{"self":[{"href":"https:\/\/www.cronacaonline.it\/index.php\/wp-json\/wp\/v2\/posts\/215832"}],"collection":[{"href":"https:\/\/www.cronacaonline.it\/index.php\/wp-json\/wp\/v2\/posts"}],"about":[{"href":"https:\/\/www.cronacaonline.it\/index.php\/wp-json\/wp\/v2\/types\/post"}],"author":[{"embeddable":true,"href":"https:\/\/www.cronacaonline.it\/index.php\/wp-json\/wp\/v2\/users\/2"}],"replies":[{"embeddable":true,"href":"https:\/\/www.cronacaonline.it\/index.php\/wp-json\/wp\/v2\/comments?post=215832"}],"version-history":[{"count":1,"href":"https:\/\/www.cronacaonline.it\/index.php\/wp-json\/wp\/v2\/posts\/215832\/revisions"}],"predecessor-version":[{"id":215833,"href":"https:\/\/www.cronacaonline.it\/index.php\/wp-json\/wp\/v2\/posts\/215832\/revisions\/215833"}],"wp:featuredmedia":[{"embeddable":true,"href":"https:\/\/www.cronacaonline.it\/index.php\/wp-json\/wp\/v2\/media\/196029"}],"wp:attachment":[{"href":"https:\/\/www.cronacaonline.it\/index.php\/wp-json\/wp\/v2\/media?parent=215832"}],"wp:term":[{"taxonomy":"category","embeddable":true,"href":"https:\/\/www.cronacaonline.it\/index.php\/wp-json\/wp\/v2\/categories?post=215832"},{"taxonomy":"post_tag","embeddable":true,"href":"https:\/\/www.cronacaonline.it\/index.php\/wp-json\/wp\/v2\/tags?post=215832"}],"curies":[{"name":"wp","href":"https:\/\/api.w.org\/{rel}","templated":true}]}}