{"id":215805,"date":"2021-12-23T09:35:34","date_gmt":"2021-12-23T08:35:34","guid":{"rendered":"https:\/\/www.cronacaonline.it\/?p=215805"},"modified":"2021-12-23T09:35:36","modified_gmt":"2021-12-23T08:35:36","slug":"covid-il-governo-prepara-la-stretta-contro-la-variante-omicron-ipotesi-misure-forti-e-molte-regioni-in-giallo-e-arancione","status":"publish","type":"post","link":"https:\/\/www.cronacaonline.it\/index.php\/2021\/12\/23\/covid-il-governo-prepara-la-stretta-contro-la-variante-omicron-ipotesi-misure-forti-e-molte-regioni-in-giallo-e-arancione\/","title":{"rendered":"Covid, il governo prepara la stretta contro la variante Omicron. Ipotesi misure forti e molte regioni in giallo e arancione."},"content":{"rendered":"\n<p>Roma, 23 Dic 2012 -Si terr\u00e0 questa mattina la Cabina di regia sulle nuove misure di contrasto al Covid. Poi, alle 15 il premier Mario Draghi riunir\u00e0 poi la Cabina di regia sul Piano nazionale di ripresa e resilienza, per approvare la relazione annuale da trasmettere al Parlamento e a\u00a0seguire \u00e8 prevista la riunione del Consiglio dei ministri che avr\u00e0 sul tavolo anche le misure sul Covid.<\/p>\n\n\n\n<p>Estendere la Super Certificazione Verde nei luoghi di lavoro. \u00c8 una delle misure che, secondo quanto si apprende da fonti ministeriali, potrebbe essere sul tavolo della Cabina di regia e del Consiglio dei ministri che deve varare la nuova stretta per fermare la corsa del virus. L'ipotesi sarebbe quella di escludere il tampone antigenico dagli strumenti che consentono di ottenere il certificato, rendendo, di fatto, obbligatorio il vaccino per andare a lavorare. L'obiettivo, sempre secondo quanto si apprende, sarebbe quello di 'recuperare' quei 2,3 milioni di italiani tra i 40 anni e l'et\u00e0 pensionabile che non si sono vaccinati.<\/p>\n\n\n\n<p>Con 36mila casi in 24 ore, nuovo record della quarta ondata, e la variante Omicron che apre \"una fase nuova\" della pandemia, va presa \"ogni precauzione possibile\" per fermare la corsa del virus. Il presidente del Consiglio Mario Draghi annuncia la stretta per le feste che sar\u00e0 decisa dalla cabina di regia e dal Consiglio dei ministri nelle prossime ore: durata del green pass ridotta a 6 mesi, booster quattro mesi dopo la seconda dose, vaccinazione obbligatoria per altre categorie, tamponi anche ai vaccinati per i grandi eventi, a partire dalle feste di Capodanno, ritorno al lavoro da casa.<\/p>\n\n\n\n<p>Nell'incontro di fine anno con i giornalisti il premier non indica le misure nel dettaglio ma spiega quali saranno le direttrici lungo le quali si svilupper\u00e0 l'azione del governo. E soprattutto chiarisce alcuni punti fermi che saranno alla base delle scelte. Le misure non toglieranno ulteriori spazi di libert\u00e0 agli italiani, anzi: l'obiettivo \u00e8 l'opposto. \"Faremo tutto il necessario per difendere quel poco di normalit\u00e0 che abbiamo raggiunto\" ripete pi\u00f9 volte elencando gli spazi da preservare: nessun confinamento, neanche per i no vax, scuola sempre in presenza e una vita sociale \"soddisfacente\". L'altro punto \u00e8 che ogni decisione sar\u00e0 \"guidata dai dati e solo dai dati, non dalla politica come si dice in giro\". Il terzo sono i vaccini, che restano la \"miglior difesa\" (con due terzi dei pazienti in terapia intensiva che sono no vax) e sono stati \"essenziali\" per rilanciare l'economia, che crescer\u00e0 oltre il 6%. Dunque immunizzarsi e fare la terza dose sono \"la priorit\u00e0\". Per tenere tutto insieme, vista la situazione e la \"tempesta\" in arrivo con Omicron, come la definisce l'Oms, bisogna per\u00f2 agire e bisogna farlo in fretta, con un pacchetto di misure che andr\u00e0 ad intervenire su una serie di ambiti.<\/p>\n\n\n\n<p>Mascherine: Un punto sul quale c'\u00e8 sostanziale accordo tra le forze politiche, anche perch\u00e9 molte regioni si sono gi\u00e0 mosse da sole, \u00e8 l'obbligo di mascherina all'aperto anche in zona bianca. Ma Draghi dice qualcosa in pi\u00f9: si sta ragionando di imporre l'uso della Ffp2 per tutti i luoghi chiusi, dunque nei posti di lavoro, sui mezzi pubblici ma anche in cinema, teatri e ristoranti.<\/p>\n\n\n\n<p>Green pass e booster a 4 mesi: Accordo c'\u00e8 anche su una nuova riduzione della durata del green pass: varr\u00e0 6 mesi. Una decisione strettamente collegata a quella che arriver\u00e0 dall'Aifa nelle prossime ore: l'anticipo del booster da 5 a 4 mesi e l'estensione della terza dose anche ai 12-18enni. Il certificato, sottolinea Draghi \"\u00e8 diventato un po' enfaticamente uno strumento di libert\u00e0\" e, invece, bisogna farei conti con il calo della protezione dei vaccini dopo 6 mesi.<\/p>\n\n\n\n<p>Obbligo vaccino ad altre categorie e il lavoro da casa: Il premier sembra invece escludere uno dei temi pi\u00f9 controversi, l'obbligo di vaccino per tutti, che per\u00f2 \"resta sullo sfondo\". Ma allo stesso tempo fa capire che ci sar\u00e0 l'estensione ad altre categorie \"in tempi brevissimi\" e che si torner\u00e0 ad un uso massiccio del telelavoro, soprattutto nella Pubblica amministrazione. Quali siano le categorie, spiegano fonti di governo, saranno i risultati del sondaggio veloce ad indicarlo. Se la prevalenza di Omicron \u00e8 sopra il 20% \u00e8 probabile che l'obbligo possa scattare in tutti i luoghi di lavoro. Con percentuali inferiori, invece, potrebbe essere esteso a chi lavora a contatto con il pubblico o a tutti i dipendenti pubblici.<\/p>\n\n\n\n<p>Tampone per le feste di Capodanno: Draghi conferma poi che il governo vuole intervenire anche sui tamponi. E ne spiega il motivo. \"Nel green pass c'\u00e8 un periodo in cui la protezione delle prime due dosi decresce rapidamente e la terza non \u00e8 ancora stata fatta. E in quel periodo pu\u00f2 essere utile fare un tampone\". Dunque chi vorr\u00e0 partecipare ai veglioni di capodanno o andare in discoteca dovr\u00e0 fare il tampone se non ha fatto il booster. E non \u00e8 escluso, neanche da Draghi, che potr\u00e0 farli gratuitamente come chiedono diverse forze politiche, per non penalizzare chi ha seguito le indicazioni del governo. Ma sul tavolo del Cdm potrebbe esserci un'altra opzione: l'esclusione dei tamponi antigenici per ottenere il green pass. \"C'\u00e8 molta apertura, ne discuteremo domani\" afferma Draghi. Si tratta in ogni caso di un tema molto problematico, perch\u00e9 andrebbe ad impattare su diversi ambiti e in primis sul mondo del lavoro.<\/p>\n\n\n\n<p>Altre 4 regioni verso il giallo: Le prossime ore saranno decisive anche per i cambi di colore: i dati sulle ospedalizzazioni dicono che a Capodanno altre regioni potrebbero aggiungersi alle 5 e alle due province autonome gi\u00e0 in giallo. Il Piemonte ha gi\u00e0 tutti i parametri per il cambio di fascia ma rischiano pure Lazio, Lombardia e Sicilia. E se non si arrestano i contagi, Friuli Venezia Giulia, Veneto, Liguria e Calabria a gennaio potrebbe passare in arancione, zona che scatta con un'incidenza sopra 150 casi ogni 100mila abitanti, le terapie intensive al 30% e i reparti ordinari al 40%. Per questo, ripete Draghi, va presa ogni precauzione. \"Uno pu\u00f2 sperare che le cose vadano per il meglio ma in realt\u00e0 deve prepararsi al peggio. Io non sono uno scienziato, ma sono incline a prevedere il peggio e quindi ad agire in anticipo per difendere quel poco di normalit\u00e0 conquistata\".<\/p>\n","protected":false},"excerpt":{"rendered":"<p>Roma, 23 Dic 2012 -Si terr\u00e0 questa mattina la Cabina di regia sulle nuove misure di contrasto al Covid. Poi, alle 15 il premier Mario&#8230;<\/p>\n","protected":false},"author":2,"featured_media":186159,"comment_status":"closed","ping_status":"open","sticky":false,"template":"","format":"standard","meta":[],"categories":[49,50],"tags":[],"_links":{"self":[{"href":"https:\/\/www.cronacaonline.it\/index.php\/wp-json\/wp\/v2\/posts\/215805"}],"collection":[{"href":"https:\/\/www.cronacaonline.it\/index.php\/wp-json\/wp\/v2\/posts"}],"about":[{"href":"https:\/\/www.cronacaonline.it\/index.php\/wp-json\/wp\/v2\/types\/post"}],"author":[{"embeddable":true,"href":"https:\/\/www.cronacaonline.it\/index.php\/wp-json\/wp\/v2\/users\/2"}],"replies":[{"embeddable":true,"href":"https:\/\/www.cronacaonline.it\/index.php\/wp-json\/wp\/v2\/comments?post=215805"}],"version-history":[{"count":1,"href":"https:\/\/www.cronacaonline.it\/index.php\/wp-json\/wp\/v2\/posts\/215805\/revisions"}],"predecessor-version":[{"id":215806,"href":"https:\/\/www.cronacaonline.it\/index.php\/wp-json\/wp\/v2\/posts\/215805\/revisions\/215806"}],"wp:featuredmedia":[{"embeddable":true,"href":"https:\/\/www.cronacaonline.it\/index.php\/wp-json\/wp\/v2\/media\/186159"}],"wp:attachment":[{"href":"https:\/\/www.cronacaonline.it\/index.php\/wp-json\/wp\/v2\/media?parent=215805"}],"wp:term":[{"taxonomy":"category","embeddable":true,"href":"https:\/\/www.cronacaonline.it\/index.php\/wp-json\/wp\/v2\/categories?post=215805"},{"taxonomy":"post_tag","embeddable":true,"href":"https:\/\/www.cronacaonline.it\/index.php\/wp-json\/wp\/v2\/tags?post=215805"}],"curies":[{"name":"wp","href":"https:\/\/api.w.org\/{rel}","templated":true}]}}