{"id":215755,"date":"2021-12-21T17:22:17","date_gmt":"2021-12-21T16:22:17","guid":{"rendered":"https:\/\/www.cronacaonline.it\/?p=215755"},"modified":"2021-12-21T17:22:19","modified_gmt":"2021-12-21T16:22:19","slug":"una-nuova-strada-per-lospedale-nuorese-la-cardiologia-del-san-francesco-diventa-universitaria-lassessore-nieddu-vogliamo-gettare-basi-solide-per-il-rilancio-del-presidio","status":"publish","type":"post","link":"https:\/\/www.cronacaonline.it\/index.php\/2021\/12\/21\/una-nuova-strada-per-lospedale-nuorese-la-cardiologia-del-san-francesco-diventa-universitaria-lassessore-nieddu-vogliamo-gettare-basi-solide-per-il-rilancio-del-presidio\/","title":{"rendered":"Una nuova strada per l\u2019ospedale nuorese, la cardiologia del San Francesco diventa universitaria. L\u2019assessore Nieddu: \u201cvogliamo gettare basi solide per il rilancio del presidio\u201d."},"content":{"rendered":"\n<p>Cagliari, 21 Dic 2021\u00a0- La Giunta regionale, su proposta dell'assessore della Sanit\u00e0, Mario Nieddu, ha approvato l'atto di indirizzo che dispone il passaggio della Cardiologia e Unit\u00e0 di terapia intensiva coronarica dell'ospedale San Francesco di Nuoro da struttura a direzione ospedaliera a struttura a direzione universitaria. \u201cIl San Francesco \u00e8 un ospedale strategico non solo per l\u2019area del centro Sardegna, ma per tutta l\u2019Isola. Oggi il nostro obiettivo non riguarda solo il superamento delle criticit\u00e0 legate alla carenza di personale, ma vogliamo gettare delle basi solide per il rilancio del presidio\u201d.<\/p>\n\n\n\n<p>Si tratta di una strada nuova per il San Francesco, un percorso che lo inserisce all\u2019interno del sistema formativo universitario e che consentir\u00e0 a medici e specializzandi di lavorare e crescere nel presidio barbaricino. Una visione strategica e strutturale nuova, che punta a generare nuove opportunit\u00e0 sul territorio. \u201cRafforzare il legame fra il San Francesco e il sistema formativo universitario consentir\u00e0 ai nuovi medici di crescere anche nell\u2019ospedale di Nuoro. La struttura di Cardiologia del San Francesco rappresenta un servizio irrinunciabile e un\u2019eccellenza del territorio e il nostro impegno \u00e8 puntato con ogni sforzo al consolidamento e alla crescita in una visione di lungo periodo\u201d precisa l\u2019assessore. Una nuova direzione quindi che guarda al futuro, con l\u2019obiettivo di portare il San Francesco al livello di eccellenza che merita.<\/p>\n\n\n\n<p>\u201cIl passaggio della Cardiologia a una direzione universitaria consolida e d\u00e0 continuit\u00e0 a un percorso gi\u00e0 avviato\u201d conclude l\u2019esponente della Giunta Solinas, che ricorda la convenzione sottoscritta tra Ats e Aou Sassari fino al 31 dicembre 2022, accordo che in emergenza ha garantito e garantisce il supporto dei medici sassaresi nel reparto dell\u2019ospedale barbaricino.<\/p>\n\n\n\n<p>In questo nuovo percorso sar\u00e0 fondamentale coinvolgere i medici del presidio, che l\u2019assessore Nieddu ha in programma di incontrare a Nuoro subito dopo le festivit\u00e0 Natalizie, per discutere insieme opportunit\u00e0 e vantaggi. La proposta della Giunta passer\u00e0 al vaglio della VI Commissione del Consiglio regionale prima dell\u2019approvazione definitiva.&nbsp;Com<\/p>\n","protected":false},"excerpt":{"rendered":"<p>Cagliari, 21 Dic 2021\u00a0&#8211; La Giunta regionale, su proposta dell&#8217;assessore della Sanit\u00e0, Mario Nieddu, ha approvato l&#8217;atto di indirizzo che dispone il passaggio della Cardiologia&#8230;<\/p>\n","protected":false},"author":2,"featured_media":209098,"comment_status":"closed","ping_status":"open","sticky":false,"template":"","format":"standard","meta":[],"categories":[49,52],"tags":[],"_links":{"self":[{"href":"https:\/\/www.cronacaonline.it\/index.php\/wp-json\/wp\/v2\/posts\/215755"}],"collection":[{"href":"https:\/\/www.cronacaonline.it\/index.php\/wp-json\/wp\/v2\/posts"}],"about":[{"href":"https:\/\/www.cronacaonline.it\/index.php\/wp-json\/wp\/v2\/types\/post"}],"author":[{"embeddable":true,"href":"https:\/\/www.cronacaonline.it\/index.php\/wp-json\/wp\/v2\/users\/2"}],"replies":[{"embeddable":true,"href":"https:\/\/www.cronacaonline.it\/index.php\/wp-json\/wp\/v2\/comments?post=215755"}],"version-history":[{"count":1,"href":"https:\/\/www.cronacaonline.it\/index.php\/wp-json\/wp\/v2\/posts\/215755\/revisions"}],"predecessor-version":[{"id":215756,"href":"https:\/\/www.cronacaonline.it\/index.php\/wp-json\/wp\/v2\/posts\/215755\/revisions\/215756"}],"wp:featuredmedia":[{"embeddable":true,"href":"https:\/\/www.cronacaonline.it\/index.php\/wp-json\/wp\/v2\/media\/209098"}],"wp:attachment":[{"href":"https:\/\/www.cronacaonline.it\/index.php\/wp-json\/wp\/v2\/media?parent=215755"}],"wp:term":[{"taxonomy":"category","embeddable":true,"href":"https:\/\/www.cronacaonline.it\/index.php\/wp-json\/wp\/v2\/categories?post=215755"},{"taxonomy":"post_tag","embeddable":true,"href":"https:\/\/www.cronacaonline.it\/index.php\/wp-json\/wp\/v2\/tags?post=215755"}],"curies":[{"name":"wp","href":"https:\/\/api.w.org\/{rel}","templated":true}]}}