{"id":215719,"date":"2021-12-20T16:44:06","date_gmt":"2021-12-20T15:44:06","guid":{"rendered":"https:\/\/www.cronacaonline.it\/?p=215719"},"modified":"2021-12-20T16:44:08","modified_gmt":"2021-12-20T15:44:08","slug":"smart-city-assessore-pili-nuovo-bando-per-lo-sviluppo-della-mobilita-elettrica-riservato-ai-comuni","status":"publish","type":"post","link":"https:\/\/www.cronacaonline.it\/index.php\/2021\/12\/20\/smart-city-assessore-pili-nuovo-bando-per-lo-sviluppo-della-mobilita-elettrica-riservato-ai-comuni\/","title":{"rendered":"Smart City, assessore Pili: \u2018nuovo bando per lo sviluppo della mobilit\u00e0 elettrica riservato ai comuni\u2019."},"content":{"rendered":"\n<p>Cagliari, 20 Dic 2021 \u2013\u00a0\u201cA breve, sar\u00e0 emanato un nuovo bando pubblico, riservato ai Comuni, per la sostituzione di auto a trazione termica con auto elettriche. Dato il ruolo strategico, l\u2019intervento sar\u00e0 destinato sia alle Amministrazioni che non hanno presentato istanza nel precedente bando, sia a quelle che, pur avendo gi\u00e0 ricevuto un finanziamento, necessitano di veicoli elettrici con usi diversificati per la propria attivit\u00e0 istituzionale\u201d.\u00a0<\/p>\n\n\n\n<p>Lo afferma in una nota l\u2019assessore regionale dell\u2019Industria, Anita Pili, ricordando che la dismissione di auto di vecchia generazione rientra tra le azioni per il raggiungimento degli obiettivi di riduzione di CO2 previsti dal Piano energetico ambientale regionale (Pears). Col precedente bando, i Comuni hanno acquistato circa 200 auto elettriche, consentendo nel contempo la sostituzione di altrettanti veicoli a trazione termica, infatti per ottenere Il finanziamento deve essere rottamata un\u2019auto di vecchia generazione.<\/p>\n\n\n\n<p>\u201cAi fini del raggiungimento dell\u2019obiettivo del Pears, la riduzione entro il 2030 del 50% delle emissioni di CO2&nbsp;\u2013 ha ricordato l\u2019assessore Pili \u2013&nbsp;\u00e8 necessario rafforzare le iniziative per lo sviluppo della mobilit\u00e0 elettrica regionale, con particolare riguardo alle Amministrazioni locali, che possono rappresentare un modello capace di stimolare le abitudini all'uso dei veicoli elettrici e costituire un esempio nella pianificazione della mobilit\u00e0 sostenibile. Abbiamo gi\u00e0 programmato anche gli interventi di infrastrutturazione delle principali realt\u00e0 urbane dell\u2019Isola e promossa la realizzazione di colonnine di ricarica elettrica nelle vie di collegamento regionale pi\u00f9 importanti, in modo da garantire uno sviluppo coordinato della domanda e dell\u2019offerta di mobilit\u00e0 elettrica\u201d. Com<\/p>\n","protected":false},"excerpt":{"rendered":"<p>Cagliari, 20 Dic 2021 \u2013\u00a0\u201cA breve, sar\u00e0 emanato un nuovo bando pubblico, riservato ai Comuni, per la sostituzione di auto a trazione termica con auto&#8230;<\/p>\n","protected":false},"author":2,"featured_media":208529,"comment_status":"closed","ping_status":"open","sticky":false,"template":"","format":"standard","meta":[],"categories":[49,52],"tags":[],"_links":{"self":[{"href":"https:\/\/www.cronacaonline.it\/index.php\/wp-json\/wp\/v2\/posts\/215719"}],"collection":[{"href":"https:\/\/www.cronacaonline.it\/index.php\/wp-json\/wp\/v2\/posts"}],"about":[{"href":"https:\/\/www.cronacaonline.it\/index.php\/wp-json\/wp\/v2\/types\/post"}],"author":[{"embeddable":true,"href":"https:\/\/www.cronacaonline.it\/index.php\/wp-json\/wp\/v2\/users\/2"}],"replies":[{"embeddable":true,"href":"https:\/\/www.cronacaonline.it\/index.php\/wp-json\/wp\/v2\/comments?post=215719"}],"version-history":[{"count":1,"href":"https:\/\/www.cronacaonline.it\/index.php\/wp-json\/wp\/v2\/posts\/215719\/revisions"}],"predecessor-version":[{"id":215720,"href":"https:\/\/www.cronacaonline.it\/index.php\/wp-json\/wp\/v2\/posts\/215719\/revisions\/215720"}],"wp:featuredmedia":[{"embeddable":true,"href":"https:\/\/www.cronacaonline.it\/index.php\/wp-json\/wp\/v2\/media\/208529"}],"wp:attachment":[{"href":"https:\/\/www.cronacaonline.it\/index.php\/wp-json\/wp\/v2\/media?parent=215719"}],"wp:term":[{"taxonomy":"category","embeddable":true,"href":"https:\/\/www.cronacaonline.it\/index.php\/wp-json\/wp\/v2\/categories?post=215719"},{"taxonomy":"post_tag","embeddable":true,"href":"https:\/\/www.cronacaonline.it\/index.php\/wp-json\/wp\/v2\/tags?post=215719"}],"curies":[{"name":"wp","href":"https:\/\/api.w.org\/{rel}","templated":true}]}}