{"id":215705,"date":"2021-12-20T14:23:03","date_gmt":"2021-12-20T13:23:03","guid":{"rendered":"https:\/\/www.cronacaonline.it\/?p=215705"},"modified":"2021-12-20T14:23:04","modified_gmt":"2021-12-20T13:23:04","slug":"compagnie-barracellari-ripartito-il-premio-per-il-2021-per-lorganizzazione-e-il-funzionamento","status":"publish","type":"post","link":"https:\/\/www.cronacaonline.it\/index.php\/2021\/12\/20\/compagnie-barracellari-ripartito-il-premio-per-il-2021-per-lorganizzazione-e-il-funzionamento\/","title":{"rendered":"Compagnie barracellari: ripartito il premio per il 2021 per l\u2019organizzazione e il funzionamento."},"content":{"rendered":"\n<p>Cagliari, 20 Dic 2021 \u2013\u00a0Un presidio insostituibile di legalit\u00e0 e vigilanza nelle nostre campagne. I nostri barracelli vantano una storia antica che affonda le proprie radici fin dal periodo giudicale, e sono ancora oggi una presenza insostituibile per la difesa del territorio, la protezione delle aziende agricole, la prevenzione degli incendi, i furti e gli atti vandalici. Preziosa \u00e8 stata anche la loro opera nelle fasi drammatiche degli incendi della scorsa estate.<\/p>\n\n\n\n<p>Lo afferma in una nota il Presidente della Regione Christian Solinas commenta la delibera di Giunta con la quale \u00e8 stata a approvata la ripartizione dei premi in favore delle Compagnie barracellari, per l\u2019importo complessivo di 1 milione e 759 mila euro.<\/p>\n\n\n\n<p>Il provvedimento \u00e8 stato predisposto dall\u2019Assessore degli Enti Locali, Quirico Sanna in applicazione della legge regionale che prevede l\u2019attribuzione dei premi annuali in favore delle Compagnie barracellari regolarmente costituite e funzionanti, che si sono particolarmente distinte nell\u2019espletamento delle proprie attivit\u00e0 istituzionali, nel periodo 1 ottobre 2020 - 30 settembre di ciascun anno barracellare.<\/p>\n\n\n\n<p>I premi sono concessi alla fine di ogni esercizio finanziario, tenuto conto dei luoghi in cui operano le Compagnie, delle ore di servizio prestato, dei rapporti informativi sull\u2019attivit\u00e0 svolta resi dalle Autorit\u00e0 Comunali, Forestali e di Pubblica Sicurezza, nonch\u00e9 dei servizi effettuati in forma associata.<\/p>\n\n\n\n<p>I fondi destinati, sottolinea l\u2019Assessore Sanna sono prioritariamente utilizzati per il pagamento del contributo forfettario annuo per le spese generali, l\u2019assicurazione obbligatoria contro gli infortuni, l\u2019equipaggiamento e le attrezzature. La somma rimanente \u00e8 distribuita fra le compagnie barracellari meritevoli, a titolo di premio per l\u2019attivit\u00e0 svolta dal 1\u00b0 ottobre al 30 settembre di ciascun anno.<\/p>\n\n\n\n<p>Complessivamente sono state 169 le Compagnie barracellari regolarmente finanziate e liquidate. Nel corso del 2021 sono state costituite le nuove Compagnie barracellari di Ollastra e Tadasuni delle quali la sola Compagnia di Ollastra ha maturato i requisiti per partecipare al riparto del premio.<\/p>\n\n\n\n<p>L\u2019Assessore comunica la necessit\u00e0 di individuare, tra le compagnie barracellari regolarmente costituite e funzionanti, quelle che, a termini di legge e nel rispetto dei criteri di cui alle precitate deliberazioni della Giunta regionale, hanno diritto all\u2019ottenimento del premio, ovvero hanno raggiunto il punteggio minimo di 20 punti, risultante dalla somma dei giudizi espressi dalle autorit\u00e0 comunali, forestali e di pubblica sicurezza.<\/p>\n\n\n\n<p>Al riguardo sottolinea che le valutazioni delle autorit\u00e0 forestali hanno tenuto conto, principalmente, della partecipazione o meno delle compagnie barracellari alla lotta attiva antincendio.&nbsp;Com<\/p>\n","protected":false},"excerpt":{"rendered":"<p>Cagliari, 20 Dic 2021 \u2013\u00a0Un presidio insostituibile di legalit\u00e0 e vigilanza nelle nostre campagne. I nostri barracelli vantano una storia antica che affonda le proprie&#8230;<\/p>\n","protected":false},"author":2,"featured_media":208042,"comment_status":"closed","ping_status":"open","sticky":false,"template":"","format":"standard","meta":[],"categories":[49,52],"tags":[],"_links":{"self":[{"href":"https:\/\/www.cronacaonline.it\/index.php\/wp-json\/wp\/v2\/posts\/215705"}],"collection":[{"href":"https:\/\/www.cronacaonline.it\/index.php\/wp-json\/wp\/v2\/posts"}],"about":[{"href":"https:\/\/www.cronacaonline.it\/index.php\/wp-json\/wp\/v2\/types\/post"}],"author":[{"embeddable":true,"href":"https:\/\/www.cronacaonline.it\/index.php\/wp-json\/wp\/v2\/users\/2"}],"replies":[{"embeddable":true,"href":"https:\/\/www.cronacaonline.it\/index.php\/wp-json\/wp\/v2\/comments?post=215705"}],"version-history":[{"count":1,"href":"https:\/\/www.cronacaonline.it\/index.php\/wp-json\/wp\/v2\/posts\/215705\/revisions"}],"predecessor-version":[{"id":215706,"href":"https:\/\/www.cronacaonline.it\/index.php\/wp-json\/wp\/v2\/posts\/215705\/revisions\/215706"}],"wp:featuredmedia":[{"embeddable":true,"href":"https:\/\/www.cronacaonline.it\/index.php\/wp-json\/wp\/v2\/media\/208042"}],"wp:attachment":[{"href":"https:\/\/www.cronacaonline.it\/index.php\/wp-json\/wp\/v2\/media?parent=215705"}],"wp:term":[{"taxonomy":"category","embeddable":true,"href":"https:\/\/www.cronacaonline.it\/index.php\/wp-json\/wp\/v2\/categories?post=215705"},{"taxonomy":"post_tag","embeddable":true,"href":"https:\/\/www.cronacaonline.it\/index.php\/wp-json\/wp\/v2\/tags?post=215705"}],"curies":[{"name":"wp","href":"https:\/\/api.w.org\/{rel}","templated":true}]}}