{"id":215688,"date":"2021-12-20T08:00:31","date_gmt":"2021-12-20T07:00:31","guid":{"rendered":"https:\/\/www.cronacaonline.it\/?p=215688"},"modified":"2021-12-20T08:00:32","modified_gmt":"2021-12-20T07:00:32","slug":"speranza-preoccupa-la-situazione-giovedi-valuteremo-tenere-alta-la-guardia","status":"publish","type":"post","link":"https:\/\/www.cronacaonline.it\/index.php\/2021\/12\/20\/speranza-preoccupa-la-situazione-giovedi-valuteremo-tenere-alta-la-guardia\/","title":{"rendered":"Speranza: &#8220;Preoccupa la situazione, gioved\u00ec valuteremo. Tenere alta la guardia&#8221;."},"content":{"rendered":"\n<p>Roma, 20 Dic 2021 - \"Massima precauzione, prudenza ed evitare il pi\u00f9 possibile assembramenti durante le vacanze di Natale\". Lo ha detto il ministro della Salute, Roberto Speranza, intervistato da Fabio Fazio a \"Che tempo che fa\" su Rai3. Governo preoccupato L'intervista \u00e8 stata l'occasione per fare il punto anche su eventuali nuove misure anti-Covid. \"Nessuna decisione \u00e8 stata assunta, ci sar\u00e0 un veloce indagine domani e solo gioved\u00ec, sulla base dei dati, faremo la nostra valutazione\" ha riferito Speranza.<\/p>\n\n\n\n<p>\"C'\u00e8 un elemento di preoccupazione da parte del governo\", ha ammesso il ministro, \"ci stiamo confrontando e valuteremo le soluzioni possibili\". \"Oggi l'Italia \u00e8 il Paese dell'Ue che ha l'obbligo vaccinale pi\u00f9 esteso per varie categorie\", ha osservato, \"dopo di che verificheremo i dati epidemiologici e anche la portata della variante Omicron. Le misure che sceglieremo saranno sempre ponderate rispetto alla situazione\".<\/p>\n\n\n\n<p>\"Sicuramente c'\u00e8 una situazione non semplice a livello europeo e anche a livello italiano\", ha sottolineato il ministro, \"i numeri sono in crescita, anche se ancora di gran lunga migliori di altri Paesi europei. Un situazione un po' migliore la nostra, ma \u00e8 del tutto evidente che c'\u00e8 una crescita significativa piuttosto costante nelle ultime settimane e che se continua cos\u00ec pu\u00f2 rischiare di mettere in difficolt\u00e0 le strutture sanitarie\".<\/p>\n\n\n\n<p>\"I dati dalla Gran Bretagna, cui guardiamo sempre con attenzione perch\u00e9 spesso ci ha anticipato, ci dicono che siamo di fronte a una nuova sfida. Comunque siamo in una fase diversa rispetto all'anno scorso: eravamo in zona rossa in tutti i giorni, chiusure durissime, numero di decessi pi\u00f9 largo di oggi. Non abbiamo quei numeri adesso e non abbiamo fatto chiusure ed \u00e8 perch\u00e9 abbiamo fatto grande campagna di vaccinazione. Bisogna insistere sulle due leve: dosi di richiamo e utilizzo delle mascherine. Per queste feste servono massima precauzione e massima prudenza, evitare il pi\u00f9 possibile assembramenti e luoghi dove si pu\u00f2 essere contagiati\".<\/p>\n\n\n\n<p>\"Nelle prime due giornate abbiamo raggiunto la quota di oltre 52 mila bambini tra i 5 e gli 11 anni. Dentro questa cifra ci sono anche i miei due figli, Michele ed Emma\". \"Fidiamoci dei nostri scienziati, fidiamoci dei nostri medici, fidiamoci dei nostri pediatri\".<\/p>\n\n\n\n<p>\"Sull'obbligo vaccinale agli studenti il governo ha assunto una posizione prudente perch\u00e9 c'\u00e8 un diritto essenziale che \u00e8 quello alla salute, ma anche un diritto all'istruzione. Ho letto la richiesta dei sindaci che merita di essere approfondita, ma lo sforzo del governo \u00e8 quello di trovare condizioni per tutelare la scuola il pi\u00f9 possibile\".<\/p>\n\n\n\n<p>\"I primi dati che ci arrivano ci dicono che la terza dose ci consente di riavere un livello di protezione molto significativo. Invito tutti quelli che ne hanno diritto di farlo nel pi\u00f9 breve tempo possibile perch\u00e9 \u00e8 lo scudo migliore che ci pu\u00f2 preparare a quando la fra qualche settimana la variante Omicron sar\u00e0 molto pi\u00f9 presente nel nostro Paese\".&nbsp;\"Fare la terza dose e usare la mascherina, queste armi che abbiamo, sono uno scudo significativo alla variante omicron\".<\/p>\n\n\n\n<p>\"L'Ema ha autorizzato la terza dose solo dai 18 anni in su e noi ci stiamo attendendo alle indicazioni dell'Ema. Io favorir\u00f2 un confronto con Aifa e Ema rispetto alla terza dose agli under-18\".<\/p>\n\n\n\n<p>\"Valuteremo la congruit\u00e0 delle misure facendo una riflessione con i nostri scienziati\". \"Alcune scelte - sottolinea il ministro della Salute - le abbiamo fatte, \u00e8 stato prorogato lo stato di emergenza, alzato il livello di attenzione rispetto agli arrivi dall'estero e da altri paesi europei\".&nbsp;<\/p>\n","protected":false},"excerpt":{"rendered":"<p>Roma, 20 Dic 2021 &#8211; &#8220;Massima precauzione, prudenza ed evitare il pi\u00f9 possibile assembramenti durante le vacanze di Natale&#8221;. Lo ha detto il ministro della&#8230;<\/p>\n","protected":false},"author":2,"featured_media":215689,"comment_status":"closed","ping_status":"open","sticky":false,"template":"","format":"standard","meta":[],"categories":[49,50],"tags":[],"_links":{"self":[{"href":"https:\/\/www.cronacaonline.it\/index.php\/wp-json\/wp\/v2\/posts\/215688"}],"collection":[{"href":"https:\/\/www.cronacaonline.it\/index.php\/wp-json\/wp\/v2\/posts"}],"about":[{"href":"https:\/\/www.cronacaonline.it\/index.php\/wp-json\/wp\/v2\/types\/post"}],"author":[{"embeddable":true,"href":"https:\/\/www.cronacaonline.it\/index.php\/wp-json\/wp\/v2\/users\/2"}],"replies":[{"embeddable":true,"href":"https:\/\/www.cronacaonline.it\/index.php\/wp-json\/wp\/v2\/comments?post=215688"}],"version-history":[{"count":1,"href":"https:\/\/www.cronacaonline.it\/index.php\/wp-json\/wp\/v2\/posts\/215688\/revisions"}],"predecessor-version":[{"id":215690,"href":"https:\/\/www.cronacaonline.it\/index.php\/wp-json\/wp\/v2\/posts\/215688\/revisions\/215690"}],"wp:featuredmedia":[{"embeddable":true,"href":"https:\/\/www.cronacaonline.it\/index.php\/wp-json\/wp\/v2\/media\/215689"}],"wp:attachment":[{"href":"https:\/\/www.cronacaonline.it\/index.php\/wp-json\/wp\/v2\/media?parent=215688"}],"wp:term":[{"taxonomy":"category","embeddable":true,"href":"https:\/\/www.cronacaonline.it\/index.php\/wp-json\/wp\/v2\/categories?post=215688"},{"taxonomy":"post_tag","embeddable":true,"href":"https:\/\/www.cronacaonline.it\/index.php\/wp-json\/wp\/v2\/tags?post=215688"}],"curies":[{"name":"wp","href":"https:\/\/api.w.org\/{rel}","templated":true}]}}