{"id":215680,"date":"2021-12-19T11:06:22","date_gmt":"2021-12-19T10:06:22","guid":{"rendered":"https:\/\/www.cronacaonline.it\/?p=215680"},"modified":"2021-12-19T11:06:24","modified_gmt":"2021-12-19T10:06:24","slug":"in-settimana-il-governo-studia-la-stretta-di-capodanno-ipotesi-tamponi-per-tutti-per-i-locali-al-chiuso","status":"publish","type":"post","link":"https:\/\/www.cronacaonline.it\/index.php\/2021\/12\/19\/in-settimana-il-governo-studia-la-stretta-di-capodanno-ipotesi-tamponi-per-tutti-per-i-locali-al-chiuso\/","title":{"rendered":"In settimana il Governo studia la stretta di Capodanno: ipotesi tamponi per tutti per i locali al chiuso."},"content":{"rendered":"\n<p>Roma, 19 Dic 201 - Corsa contro il tempo per arginare la rapida diffusione della variante Omicron del Covid-19, in forte crescita anche in Italia. Draghi ha convocato una cabina di regia per il 23 dicembre. Servir\u00e0 anche a \"decidere se ci sar\u00e0 bisogno di ulteriori\" misure, afferma il sottosegretario Costa. Mentre il ministro Speranza segnala che questa nuova variante \"ci ricorda come questa sfida contro il Covid si possa vincere solo con un grande lavoro di condivisione internazionale\".<\/p>\n\n\n\n<p>La convocazione dell'incontro presieduto dal premier, Mario Draghi, arriva nel momento in cui i dati sulla variante Omicron in Italia e nel resto del mondo spingono alla massima attenzione. Se l'Istituto superiore di sanit\u00e0 parla di una forte crescita con 84 casi proprio Omicron in tutto lo Stivale, l'Organizzazione mondiale della sanit\u00e0 lancia l'allerta sulla presenza in 89 Paesi della variante con contagi che raddoppiano nel giro di massimo tre giorni.<\/p>\n\n\n\n<p>Al momento non c'\u00e8 un elenco di misure che verranno introdotte in vista delle feste natalizie ma dovrebbe esserci comunque l'estensione del super green pass, per esempio ai trasporti locali e centri commerciali, sul tavolo anche l'ipotesi di ridurre a sei mesi il 'timing' di validita' del certificato verde e si ragiona anche sull'obbligo di mascherine all'aperto mentre non \u00e8 al vaglio la possibilit\u00e0 dell'obbligo di vaccini ne' ci sarebbe l'estensione tout court del passaporto sanitario a tutti i luoghi di lavoro, anche se la misura introdotta, per esempio, per le forze dell'ordine potrebbe contemplare nuove categorie.<\/p>\n\n\n\n<p>C'\u00e8 poi l'ipotesi, di cui si \u00e8 gi\u00e0 parlato nei giorni scorsi, del tampone per entrare nei locali al chiuso, come le discoteche, anche per i vaccinati.<\/p>\n\n\n\n<p>Eventuali nuove restrizioni non dovrebbero riguardare, comunque, il weekend di Natale.&nbsp;In ogni caso l'esecutivo si esprimer\u00e0 sulla base dei nuovi dati e sulle indicazioni degli scienziati nella cabina di regia convocata per gioved\u00ec prossimo. Ma gi\u00e0 nella conferenza stampa di fine anno arriver\u00e0 l'invito del presidente del Consiglio Draghi agli italiani affinch\u00e9 mantengano la massima responsabilit\u00e0 e rispettino le regole anti-Covid. Si prevede soprattutto di stringere le maglie per evitare assembramenti. Molti presidenti di Regione hanno preso l'iniziativa di vietare feste di piazza a Capodanno. Ma con l'estensione del super green pass si punta a privilegiare in ogni caso i vaccinati. E a convincere chi non ha fatto ancora le dosi di vaccino a provvedere al pi\u00f9 presto.<\/p>\n\n\n\n<p>Se la situazione epidemica&nbsp;dovesse continuare a peggiorare tra le ipotesi c'\u00e8 l'introduzione di \"mascherine all'aperto e tampone obbligatorio anche per i vaccinati per partecipare a grandi eventi\", ma ulteriori misure \"verranno considerate seguendo i principi ispiratori della proporzionalit\u00e0 e della pronta reattivit\u00e0\", ha detto Franco Locatelli, coordinatore del Cts e presidente del Consiglio Superiore di sanit\u00e0, in un'intervista al Corriere della Sera.<\/p>\n\n\n\n<p>Per quanto la situazione epidemiologica italiana rimanga la pi\u00f9 favorevole in Europa, \"dobbiamo fare quanto possibile per attenuare il rischio che i numeri dei contagiati, cos\u00ec come quelli dei ricoverati in ospedale o nelle terapie intensive, diventino pi\u00f9 rilevanti\", ha spiegato.<\/p>\n\n\n\n<p>L'aumento dei casi \"non deve essere minimamente letto come un fallimento dei vaccini. Se non li avessimo avuti, in presenza di varianti connotate da assai maggior velocit\u00e0 di diffusione e contagiosit\u00e0 quali la Delta e, pi\u00f9 recentemente, la Omicron moltissime altre persone avrebbero perso la vita\". E i vaccini \"ci hanno anche consentito di riprendere quasi tutte le nostre attivit\u00e0, mantenendole aperte e tutelando la ripresa economica del Paese\".<\/p>\n\n\n\n<p>La variante Omicron per\u00f2 \"si sta diffondendo con estrema rapidit\u00e0 anche nel nostro continente e va messo in conto che divenga dominante entro poche settimane\". In Italia, il numero di sequenze attribuibili a questa variante \u00e8, \"a oggi, ancora limitato (sotto 100), seppure in rapida crescita, e noi dobbiamo usare nel miglior modo possibile il tempo a disposizione prima di una diffusione ulteriore della variante per tutelare la salute degli italiani e per evitare un sovraccarico dei sistemi sanitari\". Per quanto riguarda la campagna vaccinale dei pi\u00f9 piccoli, nelle prime due giornate \"quasi 30.000 bambini sono stati vaccinati\".<\/p>\n\n\n\n<p>\"L\u2019anno scorso, l\u2019Italia era largamente chiusa, eppure il 18 dicembre avevamo pi\u00f9 di 2.800 pazienti in rianimazione, 674 i decessi. Oggi i ricoverati nelle terapie intensive, in larga parte non vaccinati, superano di poco le 950 unit\u00e0, al momento, il numero delle persone che hanno perso la vita in una giornata non ha mai superato la soglia di 130\", conclude Locatelli.<\/p>\n","protected":false},"excerpt":{"rendered":"<p>Roma, 19 Dic 201 &#8211; Corsa contro il tempo per arginare la rapida diffusione della variante Omicron del Covid-19, in forte crescita anche in Italia.&#8230;<\/p>\n","protected":false},"author":2,"featured_media":214901,"comment_status":"closed","ping_status":"open","sticky":false,"template":"","format":"standard","meta":[],"categories":[49,50],"tags":[],"_links":{"self":[{"href":"https:\/\/www.cronacaonline.it\/index.php\/wp-json\/wp\/v2\/posts\/215680"}],"collection":[{"href":"https:\/\/www.cronacaonline.it\/index.php\/wp-json\/wp\/v2\/posts"}],"about":[{"href":"https:\/\/www.cronacaonline.it\/index.php\/wp-json\/wp\/v2\/types\/post"}],"author":[{"embeddable":true,"href":"https:\/\/www.cronacaonline.it\/index.php\/wp-json\/wp\/v2\/users\/2"}],"replies":[{"embeddable":true,"href":"https:\/\/www.cronacaonline.it\/index.php\/wp-json\/wp\/v2\/comments?post=215680"}],"version-history":[{"count":1,"href":"https:\/\/www.cronacaonline.it\/index.php\/wp-json\/wp\/v2\/posts\/215680\/revisions"}],"predecessor-version":[{"id":215681,"href":"https:\/\/www.cronacaonline.it\/index.php\/wp-json\/wp\/v2\/posts\/215680\/revisions\/215681"}],"wp:featuredmedia":[{"embeddable":true,"href":"https:\/\/www.cronacaonline.it\/index.php\/wp-json\/wp\/v2\/media\/214901"}],"wp:attachment":[{"href":"https:\/\/www.cronacaonline.it\/index.php\/wp-json\/wp\/v2\/media?parent=215680"}],"wp:term":[{"taxonomy":"category","embeddable":true,"href":"https:\/\/www.cronacaonline.it\/index.php\/wp-json\/wp\/v2\/categories?post=215680"},{"taxonomy":"post_tag","embeddable":true,"href":"https:\/\/www.cronacaonline.it\/index.php\/wp-json\/wp\/v2\/tags?post=215680"}],"curies":[{"name":"wp","href":"https:\/\/api.w.org\/{rel}","templated":true}]}}