{"id":215653,"date":"2021-12-18T11:07:36","date_gmt":"2021-12-18T10:07:36","guid":{"rendered":"https:\/\/www.cronacaonline.it\/?p=215653"},"modified":"2021-12-18T11:07:38","modified_gmt":"2021-12-18T10:07:38","slug":"sanita-14-milioni-a-sostegno-degli-specializzandi-fuori-sede-e-via-libera-definitivo-allaumento-delle-borse-di-studio","status":"publish","type":"post","link":"https:\/\/www.cronacaonline.it\/index.php\/2021\/12\/18\/sanita-14-milioni-a-sostegno-degli-specializzandi-fuori-sede-e-via-libera-definitivo-allaumento-delle-borse-di-studio\/","title":{"rendered":"Sanit\u00e0, 1,4 milioni a sostegno degli specializzandi fuori sede e via libera definitivo all&#8217;aumento delle borse di studio."},"content":{"rendered":"\n<p>Cagliari, 18 Dic 2021 \u2013\u00a0La Giunta della Regione Sardegna, su proposta dell\u2019assessore regionale della Sanit\u00e0, Mario Nieddu, ha approvato il provvedimento che consentir\u00e0 di dare un sostegno economico agli iscritti alle scuole di specializzazione delle facolt\u00e0 di medicina delle Universit\u00e0 di Cagliari e Sassari per i periodi di formazione svolti nelle strutture sanitarie della Sardegna che si trovino al di fuori delle sedi dei due atenei.<\/p>\n\n\n\n<p>Sempre nel corso dell'ultima seduta la Giunta regionale, con un'ulteriore delibera, ha approvato in via definitiva l'incremento delle borse di studio per le scuole di specializzazione in area sanitaria non medica, per la formazione post-laurea di psicologi, farmacisti, chimici, fisici e biologi, per citare alcune delle figure che abbracciano questo ambito. Con uno stanziamento di oltre 300 mila euro le borse passano cos\u00ec da 65 a 95. \u201cUn ulteriore potenziamento \u2013 afferma nella nopta l'assessore regionale della Sanit\u00e0, Mario Nieddu \u2013 sulla strada che abbiamo tracciato, a conferma gli impegni presi\u201d.<\/p>\n\n\n\n<p>\u201cDopo decenni di mancata programmazione e di tagli \u2013 concludono il presidente Solinas e l'assessore Nieddu \u2013 abbiamo dato un segnale di forte discontinuit\u00e0 rispetto al passato. \u00c8 sufficiente guardare ai numeri: abbiamo portato le borse di studio per le scuole di specializzazione in area sanitaria a 253 quando erano appena una trentina, con una programmazione pluriennale e uno stanziamento di 30 milioni di euro l'anno per le nuove borse. Oggi aumentiamo ulteriormente il numero delle borse di studio. Il futuro della Sardegna riparte da qui, dai giovani e dagli investimenti sulle professionalit\u00e0 indispensabili per il nostro sistema sanitario, ora pi\u00f9 che mai\u201d.<\/p>\n\n\n\n<p>Le risorse, stanziate con la legge regionale 17 del 22 novembre 2021, ammontano complessivamente a 1.467.000 euro per il triennio 2021-2023. \u201cI fondi \u2013 aggiunge il presidente, Christian Solinas \u2013 serviranno a dare un ristoro alle spese sostenute per trasferimenti, vitto e alloggio, agli specializzandi che si troveranno a svolgere parte della loro formazione sempre sul nostro territorio, ma lontano dalla sede universitaria. Attualmente in Sardegna sono 1.598 gli iscritti alle scuole di specializzazione medica, 941 a Cagliari e 657 a Sassari. I nostri giovani medici saranno gli specialisti di domani, supportare il loro percorso professionale anche sotto gli aspetti previsti da questa misura \u00e8 un investimento sul futuro del nostro sistema sanitario\u201d.<\/p>\n\n\n\n<p>Il provvedimento prevede un rimborso spese forfettario giornaliero di 50 euro per un importo massimo di 500 euro mensili per ogni specializzando che si trovasse nelle condizioni previste dalla misura. Com<\/p>\n","protected":false},"excerpt":{"rendered":"<p>Cagliari, 18 Dic 2021 \u2013\u00a0La Giunta della Regione Sardegna, su proposta dell\u2019assessore regionale della Sanit\u00e0, Mario Nieddu, ha approvato il provvedimento che consentir\u00e0 di dare&#8230;<\/p>\n","protected":false},"author":2,"featured_media":179499,"comment_status":"closed","ping_status":"open","sticky":false,"template":"","format":"standard","meta":[],"categories":[49,52],"tags":[],"_links":{"self":[{"href":"https:\/\/www.cronacaonline.it\/index.php\/wp-json\/wp\/v2\/posts\/215653"}],"collection":[{"href":"https:\/\/www.cronacaonline.it\/index.php\/wp-json\/wp\/v2\/posts"}],"about":[{"href":"https:\/\/www.cronacaonline.it\/index.php\/wp-json\/wp\/v2\/types\/post"}],"author":[{"embeddable":true,"href":"https:\/\/www.cronacaonline.it\/index.php\/wp-json\/wp\/v2\/users\/2"}],"replies":[{"embeddable":true,"href":"https:\/\/www.cronacaonline.it\/index.php\/wp-json\/wp\/v2\/comments?post=215653"}],"version-history":[{"count":1,"href":"https:\/\/www.cronacaonline.it\/index.php\/wp-json\/wp\/v2\/posts\/215653\/revisions"}],"predecessor-version":[{"id":215654,"href":"https:\/\/www.cronacaonline.it\/index.php\/wp-json\/wp\/v2\/posts\/215653\/revisions\/215654"}],"wp:featuredmedia":[{"embeddable":true,"href":"https:\/\/www.cronacaonline.it\/index.php\/wp-json\/wp\/v2\/media\/179499"}],"wp:attachment":[{"href":"https:\/\/www.cronacaonline.it\/index.php\/wp-json\/wp\/v2\/media?parent=215653"}],"wp:term":[{"taxonomy":"category","embeddable":true,"href":"https:\/\/www.cronacaonline.it\/index.php\/wp-json\/wp\/v2\/categories?post=215653"},{"taxonomy":"post_tag","embeddable":true,"href":"https:\/\/www.cronacaonline.it\/index.php\/wp-json\/wp\/v2\/tags?post=215653"}],"curies":[{"name":"wp","href":"https:\/\/api.w.org\/{rel}","templated":true}]}}