{"id":215614,"date":"2021-12-17T15:10:04","date_gmt":"2021-12-17T14:10:04","guid":{"rendered":"https:\/\/www.cronacaonline.it\/?p=215614"},"modified":"2021-12-17T15:10:06","modified_gmt":"2021-12-17T14:10:06","slug":"tourisma-a-firenze-assessore-chessa-a-maggio-la-prima-fiera-dellarcheologia-in-sardegna","status":"publish","type":"post","link":"https:\/\/www.cronacaonline.it\/index.php\/2021\/12\/17\/tourisma-a-firenze-assessore-chessa-a-maggio-la-prima-fiera-dellarcheologia-in-sardegna\/","title":{"rendered":"\u201cTourisma\u201d a Firenze. Assessore Chessa: \u201ca maggio la prima fiera dell&#8217;archeologia in Sardegna\u201d."},"content":{"rendered":"\n<p>Firenze, 17 Dic 2021 \u2013\u00a0\u201cCon la presenza di uno 'spazio Sardegna' al salone dell\u2019archeologia e del turismo culturale, che ha in vetrina alcune eccellenze archeologiche del patrimonio isolano, prosegue la campagna fieristica che abbiamo programmato per la promozione turistica\u201d. Lo ha detto l\u2019assessore regionale del Turismo, Gianni Chessa,\u00a0durante l'inaugurazione di \"TourismA\", in programma fino a domenica 19 dicembre al Palazzo dei Congressi di Firenze.\u00a0<\/p>\n\n\n\n<p>\"La Sardegna \u00e8 un museo a cielo aperto e per lanciarla definitivamente in campo internazionale, Cagliari, a maggio, ospiter\u00e0 la prima fiera dell'archeologia in Sardegna - ha annunciato l'assessore Chessa - Gli ottimi risultati di 'Archeologika' e della mostra itinerante 'Sardegna Megalitica', che ora si trova nel museo di San Pietroburgo, prima di approdare a Salonicco e Napoli, ci hanno dimostrato che l'Isola pu\u00f2 e deve puntare sulle proprie risorse storico-culturali per destagionalizzare il flusso turistico. Molti operatori turistici hanno scoperto l\u2019enorme potenziale dell\u2019entroterra sardo, sempre pi\u00f9 complementare al prodotto mare ed essenziale per rendere davvero completa l\u2019esperienza di soggiorno nel nostro territorio\".<\/p>\n\n\n\n<p>\"Con una manifestazione di livello internazionale riuniremo, per la prima volta nell'Isola, i siti museali e archeologici, al cospetto di esperti nazionali e internazionali, mettendo in vetrina l\u2019intero e vasto patrimonio archeologico. Un appuntamento non solo turistico, ma anche di grande profilo culturale per una Sardegna pi\u00f9 coraggiosa, pi\u00f9 appetibile, pi\u00f9 competitiva. Le potenzialit\u00e0 del nostro patrimonio di storia, cultura e archeologia sono indispensabili per proporre un\u2019offerta turistica che esalti i punti di forza e le peculiarit\u00e0 della nostra identit\u00e0\".<\/p>\n\n\n\n<p>\u201cLa presenza a Firenze \u00e8 un\u2019altra grande opportunit\u00e0 per far parlare della Sardegna e far scoprire le bellezze troppo spesso dimenticate e trascurate nei meccanismi della promozione turistica\", ha concluso l'assessore Chessa.&nbsp;Com<\/p>\n","protected":false},"excerpt":{"rendered":"<p>Firenze, 17 Dic 2021 \u2013\u00a0\u201cCon la presenza di uno &#8216;spazio Sardegna&#8217; al salone dell\u2019archeologia e del turismo culturale, che ha in vetrina alcune eccellenze archeologiche&#8230;<\/p>\n","protected":false},"author":2,"featured_media":215615,"comment_status":"closed","ping_status":"open","sticky":false,"template":"","format":"standard","meta":[],"categories":[49,52],"tags":[],"_links":{"self":[{"href":"https:\/\/www.cronacaonline.it\/index.php\/wp-json\/wp\/v2\/posts\/215614"}],"collection":[{"href":"https:\/\/www.cronacaonline.it\/index.php\/wp-json\/wp\/v2\/posts"}],"about":[{"href":"https:\/\/www.cronacaonline.it\/index.php\/wp-json\/wp\/v2\/types\/post"}],"author":[{"embeddable":true,"href":"https:\/\/www.cronacaonline.it\/index.php\/wp-json\/wp\/v2\/users\/2"}],"replies":[{"embeddable":true,"href":"https:\/\/www.cronacaonline.it\/index.php\/wp-json\/wp\/v2\/comments?post=215614"}],"version-history":[{"count":1,"href":"https:\/\/www.cronacaonline.it\/index.php\/wp-json\/wp\/v2\/posts\/215614\/revisions"}],"predecessor-version":[{"id":215616,"href":"https:\/\/www.cronacaonline.it\/index.php\/wp-json\/wp\/v2\/posts\/215614\/revisions\/215616"}],"wp:featuredmedia":[{"embeddable":true,"href":"https:\/\/www.cronacaonline.it\/index.php\/wp-json\/wp\/v2\/media\/215615"}],"wp:attachment":[{"href":"https:\/\/www.cronacaonline.it\/index.php\/wp-json\/wp\/v2\/media?parent=215614"}],"wp:term":[{"taxonomy":"category","embeddable":true,"href":"https:\/\/www.cronacaonline.it\/index.php\/wp-json\/wp\/v2\/categories?post=215614"},{"taxonomy":"post_tag","embeddable":true,"href":"https:\/\/www.cronacaonline.it\/index.php\/wp-json\/wp\/v2\/tags?post=215614"}],"curies":[{"name":"wp","href":"https:\/\/api.w.org\/{rel}","templated":true}]}}