{"id":215590,"date":"2021-12-17T09:39:49","date_gmt":"2021-12-17T08:39:49","guid":{"rendered":"https:\/\/www.cronacaonline.it\/?p=215590"},"modified":"2021-12-17T09:39:54","modified_gmt":"2021-12-17T08:39:54","slug":"dati-settimanali-iss-incidenza-ricoveri-e-terapie-intensive-in-crescita","status":"publish","type":"post","link":"https:\/\/www.cronacaonline.it\/index.php\/2021\/12\/17\/dati-settimanali-iss-incidenza-ricoveri-e-terapie-intensive-in-crescita\/","title":{"rendered":"Dati settimanali Iss: incidenza, ricoveri e terapie intensive in crescita."},"content":{"rendered":"\n<p>Roma, 17 Dic 2021 - \u00a0Incidenza in crescita in Italia, arrivata a toccare quota 241 casi per centomila abitanti, in forte aumento rispetto ai 176 per centomila di una settimana fa. Ancora in leggero calo l'indice Rt invece, che scende da 1,18 a 1,13. Sono i dati della Cabina di regia per il monitoraggio settimanale, forniti dall'Istituto Superiore di Sanita'.<\/p>\n\n\n\n<p>\"L'incidenza settimanale a livello nazionale - sottolinea l'Iss - in netto aumento: 241 per 100.000 abitanti (10\/12\/2021 -16\/12\/2021) vs 176 per 100mila abitanti (03\/12\/2021-09\/12\/2021), dati flusso Ministero Salute. Nel periodo 24 novembre - 7 dicembre 2021, l'Rt medio calcolato sui casi sintomatici \u00e8 stato pari a 1,13 (range 1,09 - 1,19), leggermente in diminuzione rispetto alla settimana precedente ma al di sopra della soglia epidemica. \u00c8 stabile, ma ancora sopra la soglia epidemica, l'indice di trasmissibilit\u00e0 basato sui casi con ricovero ospedaliero.<\/p>\n\n\n\n<p>Ancora in salita l'occupazione dei posti letto nei reparti ordinari e nelle terapie intensive. \"Il tasso di occupazione in terapia intensiva \u00e8 al 9,6% (rilevazione giornaliera Ministero della Salute al 16 dicembre) vs l'8,5% (rilevazione giornaliera Ministero della Salute al 09 dicembre). Il tasso di occupazione in aree mediche a livello nazionale - sottolinea l'Iss - sale al 12,1% (rilevazione giornaliera Ministero della Salute al 16 dicembre) vs il 10,6% (rilevazione giornaliera Ministero della Salute al 09 dicembre)\".<\/p>\n\n\n\n<p>Nell'ultima settimana di monitoraggio una Regione \u00e8 classificata a rischio alto, 18 Regioni risultano classificate a rischio moderato. Tra queste, tre Regioni sono ad alta probabilit\u00e0 di progressione a rischio alto, mentre per una Regione non \u00e8 stato possibile valutare la progressione. Due Regioni sono classificate a rischio basso. Sono i dati della Cabina di regia riunita questa mattina e resi noti dall'Iss. 13 Regioni riportano un'allerta di resilienza. Una Regione riporta molteplici allerte di resilienza.&nbsp;<\/p>\n\n\n\n<p>\u00c8 in forte aumento il numero di nuovi casi non associati a catene di trasmissione (42.675 contro 37.278 della settimana precedente). La percentuale dei casi rilevati attraverso l'attivit\u00e0 di tracciamento dei contatti \u00e8 in diminuzione (31% contro 34% la scorsa settimana). \u00c8 in aumento la percentuale dei casi rilevati attraverso la comparsa dei sintomi (43% contro il 40%), mentre \u00e8 stabile la percentuale dicasi diagnosticati attraverso attivit\u00e0 di screening (26%). Lo evidenzia il monitoraggio settimanale della Cabina di regia, i cui dati sono comunicati dall'Istituto superiore di sanit\u00e0.<\/p>\n","protected":false},"excerpt":{"rendered":"<p>Roma, 17 Dic 2021 &#8211; \u00a0Incidenza in crescita in Italia, arrivata a toccare quota 241 casi per centomila abitanti, in forte aumento rispetto ai 176&#8230;<\/p>\n","protected":false},"author":2,"featured_media":211046,"comment_status":"closed","ping_status":"open","sticky":false,"template":"","format":"standard","meta":[],"categories":[49,50],"tags":[],"_links":{"self":[{"href":"https:\/\/www.cronacaonline.it\/index.php\/wp-json\/wp\/v2\/posts\/215590"}],"collection":[{"href":"https:\/\/www.cronacaonline.it\/index.php\/wp-json\/wp\/v2\/posts"}],"about":[{"href":"https:\/\/www.cronacaonline.it\/index.php\/wp-json\/wp\/v2\/types\/post"}],"author":[{"embeddable":true,"href":"https:\/\/www.cronacaonline.it\/index.php\/wp-json\/wp\/v2\/users\/2"}],"replies":[{"embeddable":true,"href":"https:\/\/www.cronacaonline.it\/index.php\/wp-json\/wp\/v2\/comments?post=215590"}],"version-history":[{"count":1,"href":"https:\/\/www.cronacaonline.it\/index.php\/wp-json\/wp\/v2\/posts\/215590\/revisions"}],"predecessor-version":[{"id":215591,"href":"https:\/\/www.cronacaonline.it\/index.php\/wp-json\/wp\/v2\/posts\/215590\/revisions\/215591"}],"wp:featuredmedia":[{"embeddable":true,"href":"https:\/\/www.cronacaonline.it\/index.php\/wp-json\/wp\/v2\/media\/211046"}],"wp:attachment":[{"href":"https:\/\/www.cronacaonline.it\/index.php\/wp-json\/wp\/v2\/media?parent=215590"}],"wp:term":[{"taxonomy":"category","embeddable":true,"href":"https:\/\/www.cronacaonline.it\/index.php\/wp-json\/wp\/v2\/categories?post=215590"},{"taxonomy":"post_tag","embeddable":true,"href":"https:\/\/www.cronacaonline.it\/index.php\/wp-json\/wp\/v2\/tags?post=215590"}],"curies":[{"name":"wp","href":"https:\/\/api.w.org\/{rel}","templated":true}]}}