{"id":215581,"date":"2021-12-16T19:07:05","date_gmt":"2021-12-16T18:07:05","guid":{"rendered":"https:\/\/www.cronacaonline.it\/?p=215581"},"modified":"2021-12-16T19:29:12","modified_gmt":"2021-12-16T18:29:12","slug":"in-sardegna-via-alle-vaccinazioni-anti-covid-pediatriche-assessore-sanita-nieddu-oltre-2-600-prenotazioni-e-300-vaccinati-al-primo-open-day-a-cagliari","status":"publish","type":"post","link":"https:\/\/www.cronacaonline.it\/index.php\/2021\/12\/16\/in-sardegna-via-alle-vaccinazioni-anti-covid-pediatriche-assessore-sanita-nieddu-oltre-2-600-prenotazioni-e-300-vaccinati-al-primo-open-day-a-cagliari\/","title":{"rendered":"In Sardegna via alle vaccinazioni anti Covid pediatriche: Assessore Sanit\u00e0 Nieddu, oltre 2.600 prenotazioni e 300 vaccinati al primo open day a Cagliari."},"content":{"rendered":"\n<p>Cagliari, 16 Dic 2021&nbsp;- \u00c8 partita anche in Sardegna la campagna di vaccinazione anti-Covid rivolta ai pi\u00f9 piccoli nati dal 2010 al 2016. Le prenotazioni per la prima dose pediatrica, aperte dalle 12, sono state oltre 2.600 nelle prime 6 ore. Subito avviate anche le somministrazioni in diversi centri del territorio: a Cagliari, nel corso dell\u2019Open Day, dalle 14 alle 19, sono stati vaccinati circa 300 bambini tra i 5 e gli 11 anni, nel centro dedicato del Centro congressi della Fiera della Sardegna, allestito con un percorso riservato ai pi\u00f9 piccoli, 3 postazioni d\u2019accettazione, 4 postazione d\u2019anamnesi, 4 di somministrazione e una sala d\u2019attesa per l\u2019osservazione post-vaccino. Presenti anche gli animatori, per favorire un clima di gioco e mettere a proprio agio i bambini che al termine della somministrazione hanno ricevuto un attestato speciale.&nbsp;<\/p>\n\n\n\n<p>\u201cUn avvio positivo per la campagna rivolta ai bambini, che parte nei tempi stabiliti\u201d, commenta in una nota l\u2019assessore regionale della Sanit\u00e0, Mario Nieddu. \u201cIl quadro generale ci dice che dobbiamo continuare a prestare la massima attenzione alla diffusione del virus, nelle sue varianti. In Sardegna aumenta la platea dei vaccinati. I contagi nelle scuole e gli effetti del long-Covid sottolineano in generale l\u2019importanza della vaccinazione anche in et\u00e0 pediatrica\u201d.<\/p>\n\n\n\n<p>\u201cUna giornata importante per tutta l\u2019Isola, che segna cos\u00ec un nuovo passo in avanti nella battaglia contro il virus. Una prova di coraggio da parte dei bambini, che oggi hanno ricevuto la prima dose, e grande senso di responsabilit\u00e0 da parte dei genitori. Piccoli per niente intimoriti dal vaccino, anche grazie al lavoro e alla professionalit\u00e0 dei nostri operatori. Il vaccino resta la nostra arma pi\u00f9 potente contro un nemico che continua a essere una minaccia\u201d, aggiunge il Presidente della Regione, Christian Solinas.<\/p>\n\n\n\n<p>La campagna di vaccinazione anti-Covid in Sardegna continua a registrare un trend in crescita. La popolazione che ha completato il ciclo vaccinale \u00e8 pari al 79% (contro una media nazionale del 77,6%). Spingono le terze dosi, che hanno superato le 300 mila somministrazioni, ma si registra un aumento anche sulle prime dosi e quindi del numero complessivo dei vaccinati.<\/p>\n\n\n\n<p>Il quadro epidemiologico dell\u2019Isola, come riportato dal monitoraggio della Fondazione Gimbe per la settimana dall\u20198 a 14, mostra un aumento del numero dei casi del 17,7%, in linea con la media nazionale (17,8%) ma con una variazione meno sensibile rispetto alla met\u00e0 delle regioni italiane dove si registrano incrementi compresi tra il 20,5% (Calabria) e il 94,8% (Basilicata). In Sardegna il numero delle persone attualmente positive per 100mila abitanti \u00e8 di 210, terzo dato migliore in Italia (dopo Molise e Puglia) e nettamente inferiore rispetto alla media nazionale (che si assesta a 499). Sardegna, Puglia e Molise, sono le uniche regioni italiane a mantenere il colore arancione nella mappa dell\u2019Ecdc, l\u2019agenzia europea per la prevenzione e il controllo delle malattie, che mostra un\u2019Italia in rosso e rosso scuro per l\u2019incidenza del numero dei casi, colorazione che prevale anche nel resto del continente.<\/p>\n\n\n\n<p>Restano sotto soglia gli indici d\u2019occupazione dei posti letto Covid in area medica, al 7% (12% il dato nazionale), e in terapia intensiva al 3% (contro 10% nazionale, dato Agenas al 16 dicembre). Com<\/p>\n","protected":false},"excerpt":{"rendered":"<p>Cagliari, 16 Dic 2021&nbsp;&#8211; \u00c8 partita anche in Sardegna la campagna di vaccinazione anti-Covid rivolta ai pi\u00f9 piccoli nati dal 2010 al 2016. Le prenotazioni&#8230;<\/p>\n","protected":false},"author":2,"featured_media":215587,"comment_status":"closed","ping_status":"open","sticky":false,"template":"","format":"standard","meta":[],"categories":[49,52],"tags":[],"_links":{"self":[{"href":"https:\/\/www.cronacaonline.it\/index.php\/wp-json\/wp\/v2\/posts\/215581"}],"collection":[{"href":"https:\/\/www.cronacaonline.it\/index.php\/wp-json\/wp\/v2\/posts"}],"about":[{"href":"https:\/\/www.cronacaonline.it\/index.php\/wp-json\/wp\/v2\/types\/post"}],"author":[{"embeddable":true,"href":"https:\/\/www.cronacaonline.it\/index.php\/wp-json\/wp\/v2\/users\/2"}],"replies":[{"embeddable":true,"href":"https:\/\/www.cronacaonline.it\/index.php\/wp-json\/wp\/v2\/comments?post=215581"}],"version-history":[{"count":2,"href":"https:\/\/www.cronacaonline.it\/index.php\/wp-json\/wp\/v2\/posts\/215581\/revisions"}],"predecessor-version":[{"id":215588,"href":"https:\/\/www.cronacaonline.it\/index.php\/wp-json\/wp\/v2\/posts\/215581\/revisions\/215588"}],"wp:featuredmedia":[{"embeddable":true,"href":"https:\/\/www.cronacaonline.it\/index.php\/wp-json\/wp\/v2\/media\/215587"}],"wp:attachment":[{"href":"https:\/\/www.cronacaonline.it\/index.php\/wp-json\/wp\/v2\/media?parent=215581"}],"wp:term":[{"taxonomy":"category","embeddable":true,"href":"https:\/\/www.cronacaonline.it\/index.php\/wp-json\/wp\/v2\/categories?post=215581"},{"taxonomy":"post_tag","embeddable":true,"href":"https:\/\/www.cronacaonline.it\/index.php\/wp-json\/wp\/v2\/tags?post=215581"}],"curies":[{"name":"wp","href":"https:\/\/api.w.org\/{rel}","templated":true}]}}