{"id":215574,"date":"2021-12-16T16:57:39","date_gmt":"2021-12-16T15:57:39","guid":{"rendered":"https:\/\/www.cronacaonline.it\/?p=215574"},"modified":"2021-12-16T16:57:41","modified_gmt":"2021-12-16T15:57:41","slug":"area-interventi-sugli-immobili-pubblici-lassessore-salaris-lavori-di-manutenzione-fondamentali-per-una-buona-gestione-del-patrimonio-pubblico","status":"publish","type":"post","link":"https:\/\/www.cronacaonline.it\/index.php\/2021\/12\/16\/area-interventi-sugli-immobili-pubblici-lassessore-salaris-lavori-di-manutenzione-fondamentali-per-una-buona-gestione-del-patrimonio-pubblico\/","title":{"rendered":"Area, interventi sugli immobili pubblici. L\u2019assessore Salaris: &#8220;lavori di manutenzione fondamentali per una buona gestione del patrimonio pubblico\u201d."},"content":{"rendered":"\n<p>Cagliari, 16 Dic 2021 \u2013\u00a0Continua il lavoro della Regione di manutenzione, ammodernamento e ristrutturazione del patrimonio pubblico, finalizzato a migliorare la qualit\u00e0 della vita di chi risiede negli immobili dell\u2019Azienda regionale per l'edilizia abitativa, Area. La Giunta regionale, su proposta dell\u2019Assessore dei Lavori Pubblici, Aldo Salaris, ha approvato due distinte delibere che riguardano la manutenzione degli immobili pubblici per un valore complessivo di circa 5 milioni e mezzo. \u201cLa gestione del patrimonio immobiliare pubblico richiede una grande attenzione, che si traduce anche in misure straordinarie volte a sostenere gli Enti locali nella loro attivit\u00e0 di manutenzione degli immobili, fondamentale per garantire adeguati livelli di vivibilit\u00e0 per le famiglie che risiedono in queste strutture\u201d, ha spiegato l\u2019Assessore dei Lavori Pubblici, Aldo Salaris, che nel corso di questi mesi ha attivato, in collaborazione con l\u2019Agenzia regionale e con i Comuni, tutte le procedure utili ad arginare i contraccolpi della crisi per i nuclei familiari pi\u00f9 deboli. Partendo dal presupposto che a una buona gestione degli immobili corrisponda un mantenimento del valore patrimoniale e un miglioramento della fruibilit\u00e0, quindi della vivibilit\u00e0 degli alloggi, la Regione \u00e8 impegnata in una importante azione di valorizzazione del patrimonio pubblico, che passa sia per la creazione di nuovi alloggi e sia per la manutenzione di quelli esistenti.<\/p>\n\n\n\n<p>Rientrano nello stanziamento complessivo di 5.110.881, riferito all\u2019annualit\u00e0 2021, per il quale la Giunta ha concesso ad Area l\u2019autorizzazione a procedere con la spesa (investimenti finanziati con avanzo disponibile), diversi Comuni tra cui Cagliari, Nuoro, Oristano, Carbonia, Sassari, Onan\u00ec. Sempre nell\u2019ultima seduta di Giunta \u00e8 stata approvata anche la delibera sulla ripartizione di altri 500mila euro in favore di altri Comuni (l\u2019elenco degli interventi finanziati in questo caso verr\u00e0 trasmesso al Ministero delle Infrastrutture e dello Sviluppo Sostenibile). Si tratta di fondi destinati ad Area per gli immobili che si trovano nei Comuni di Carbonia (30.000 l\u2019importo finanziato), Iglesias (30.000), Olbia (45.000), Oristano (69.583), Ozieri (60.000), Sassari (60.000), Tempio Pausania (60.000). Per il Comune di Nuoro sono stati stanziati 45mila euro, a Sassari andranno 60.000 euro.&nbsp;Com<\/p>\n","protected":false},"excerpt":{"rendered":"<p>Cagliari, 16 Dic 2021 \u2013\u00a0Continua il lavoro della Regione di manutenzione, ammodernamento e ristrutturazione del patrimonio pubblico, finalizzato a migliorare la qualit\u00e0 della vita di&#8230;<\/p>\n","protected":false},"author":2,"featured_media":213611,"comment_status":"closed","ping_status":"open","sticky":false,"template":"","format":"standard","meta":[],"categories":[49,52],"tags":[],"_links":{"self":[{"href":"https:\/\/www.cronacaonline.it\/index.php\/wp-json\/wp\/v2\/posts\/215574"}],"collection":[{"href":"https:\/\/www.cronacaonline.it\/index.php\/wp-json\/wp\/v2\/posts"}],"about":[{"href":"https:\/\/www.cronacaonline.it\/index.php\/wp-json\/wp\/v2\/types\/post"}],"author":[{"embeddable":true,"href":"https:\/\/www.cronacaonline.it\/index.php\/wp-json\/wp\/v2\/users\/2"}],"replies":[{"embeddable":true,"href":"https:\/\/www.cronacaonline.it\/index.php\/wp-json\/wp\/v2\/comments?post=215574"}],"version-history":[{"count":1,"href":"https:\/\/www.cronacaonline.it\/index.php\/wp-json\/wp\/v2\/posts\/215574\/revisions"}],"predecessor-version":[{"id":215575,"href":"https:\/\/www.cronacaonline.it\/index.php\/wp-json\/wp\/v2\/posts\/215574\/revisions\/215575"}],"wp:featuredmedia":[{"embeddable":true,"href":"https:\/\/www.cronacaonline.it\/index.php\/wp-json\/wp\/v2\/media\/213611"}],"wp:attachment":[{"href":"https:\/\/www.cronacaonline.it\/index.php\/wp-json\/wp\/v2\/media?parent=215574"}],"wp:term":[{"taxonomy":"category","embeddable":true,"href":"https:\/\/www.cronacaonline.it\/index.php\/wp-json\/wp\/v2\/categories?post=215574"},{"taxonomy":"post_tag","embeddable":true,"href":"https:\/\/www.cronacaonline.it\/index.php\/wp-json\/wp\/v2\/tags?post=215574"}],"curies":[{"name":"wp","href":"https:\/\/api.w.org\/{rel}","templated":true}]}}