{"id":215550,"date":"2021-12-16T14:05:07","date_gmt":"2021-12-16T13:05:07","guid":{"rendered":"https:\/\/www.cronacaonline.it\/?p=215550"},"modified":"2021-12-16T14:05:09","modified_gmt":"2021-12-16T13:05:09","slug":"consiglio-sardegna-commissione-sanita-audizione-del-commissario-straordinario-di-areus-sulle-problematiche-del-numero-di-emergenza-112-e-dellelisoccorso","status":"publish","type":"post","link":"https:\/\/www.cronacaonline.it\/index.php\/2021\/12\/16\/consiglio-sardegna-commissione-sanita-audizione-del-commissario-straordinario-di-areus-sulle-problematiche-del-numero-di-emergenza-112-e-dellelisoccorso\/","title":{"rendered":"Consiglio Sardegna &#8211; Commissione Sanit\u00e0: audizione del commissario straordinario di Areus sulle problematiche del numero di emergenza 112 e dell\u2019elisoccorso."},"content":{"rendered":"\n<p>Cagliari, 16 Dic 2021 \u2013 La commissione Sanit\u00e0, presieduta da Antonio Mario Mundula (Fdi) ha ascoltato il commissario straordinario di Areus Simonetta Bettelini sulle problematiche del numero di emergenza 112 e dell\u2019elisoccorso.<\/p>\n\n\n\n<p>La dottoressa Bettelini, rispondendo ai quesiti posti da diversi commissari (in particolare Daniele Cocco di Leu e Peru di Udc Cambiamo) ha ricostruito, partendo dall\u2019accordo del 2019 fra Regione e Ministero della Difesa, i complessi passaggi collegati al servizio e all\u2019individuazione di Nuoro come sede provvisoria della centrale operativa del numero di emergenza.<\/p>\n\n\n\n<p>Ci sono stati ritardi, ha spiegato la Bettelini, soprattutto sulla progettazione della struttura, per la quale il Comune di Nuoro (proprietario anche dei locali) ha dato il \u201cvia libera\u201d nello scorso mese di agosto. Questo ha determinato, ha aggiunto, la necessit\u00e0 di ricercare alternative, sia perch\u00e9 un mese prima Sassari aveva assicurato la disponibilit\u00e0 immediata di una sede di propriet\u00e0 regionale, sia per risolvere i problemi delle reti tecnologiche.<\/p>\n\n\n\n<p>Sull\u2019elisoccorso, ora \u201ccoperto\u201d da un convenzione con l\u2019Aeronautica militare che scadr\u00e0 il prossimo 31 dicembre, la commissaria dell\u2019Areus ha ricordato le difficolt\u00e0 operative presenti presso lo scalo militare di Alghero (ricovero e manutenzione degli aeromobili) e l\u2019urgenza, anche in questo caso, di individuare soluzioni alternative. Anche se, ha precisato, le situazioni di criticit\u00e0 potrebbero essere superare nell\u2019ambito di un accordo-quadro in via di perfezionamento fra Regione-Ministero della Difesa ed Aeronautica Militare.<\/p>\n\n\n\n<p>Complessivamente i componenti della commissione (hanno preso la parola, oltre Cocco e Peru, anche Oppi di Udc Cambiamo, Saiu della Lega, Mula del Psd\u2019Az, Ganau del Pd e Cuccu del Misto) sia pure con differenti sfumature, si sono dichiarati insoddisfatti delle risposte e delle spiegazioni ricevute. Sostanzialmente, per quanto riguarda il numero di emergenza \u00e8 stata sostenuta la scelta della sua collocazione a Nuoro, come sede di Areus che a tutti gli effetti \u00e8 una \u201cazienda regionale\u201d. Si tratta inoltre di una scelta, \u00e8 stato ricordato, maturata nella precedente legislatura e confermata in quella in corso, che pu\u00f2 contare su un consenso molto ampio.<\/p>\n\n\n\n<p>Pi\u00f9 complesso invece, anche per il poco tempo a disposizione, il problema dell\u2019elisoccorso, perch\u00e9 oltre alla criticit\u00e0 su Alghero ne sono state segnalate altre (non di infrastrutture ma di gestione del traffico) anche sull\u2019aeroporto Olbia-Costa Smeralda, mentre nel frattempo sarebbero gi\u00e0 state attivate 2 nuove eli-superfici presso il Brotzu di Cagliari ed il Giovanni Paolo II\u00b0 di Olbia. Com<\/p>\n","protected":false},"excerpt":{"rendered":"<p>Cagliari, 16 Dic 2021 \u2013 La commissione Sanit\u00e0, presieduta da Antonio Mario Mundula (Fdi) ha ascoltato il commissario straordinario di Areus Simonetta Bettelini sulle problematiche&#8230;<\/p>\n","protected":false},"author":2,"featured_media":210352,"comment_status":"closed","ping_status":"open","sticky":false,"template":"","format":"standard","meta":[],"categories":[49,52],"tags":[],"_links":{"self":[{"href":"https:\/\/www.cronacaonline.it\/index.php\/wp-json\/wp\/v2\/posts\/215550"}],"collection":[{"href":"https:\/\/www.cronacaonline.it\/index.php\/wp-json\/wp\/v2\/posts"}],"about":[{"href":"https:\/\/www.cronacaonline.it\/index.php\/wp-json\/wp\/v2\/types\/post"}],"author":[{"embeddable":true,"href":"https:\/\/www.cronacaonline.it\/index.php\/wp-json\/wp\/v2\/users\/2"}],"replies":[{"embeddable":true,"href":"https:\/\/www.cronacaonline.it\/index.php\/wp-json\/wp\/v2\/comments?post=215550"}],"version-history":[{"count":1,"href":"https:\/\/www.cronacaonline.it\/index.php\/wp-json\/wp\/v2\/posts\/215550\/revisions"}],"predecessor-version":[{"id":215551,"href":"https:\/\/www.cronacaonline.it\/index.php\/wp-json\/wp\/v2\/posts\/215550\/revisions\/215551"}],"wp:featuredmedia":[{"embeddable":true,"href":"https:\/\/www.cronacaonline.it\/index.php\/wp-json\/wp\/v2\/media\/210352"}],"wp:attachment":[{"href":"https:\/\/www.cronacaonline.it\/index.php\/wp-json\/wp\/v2\/media?parent=215550"}],"wp:term":[{"taxonomy":"category","embeddable":true,"href":"https:\/\/www.cronacaonline.it\/index.php\/wp-json\/wp\/v2\/categories?post=215550"},{"taxonomy":"post_tag","embeddable":true,"href":"https:\/\/www.cronacaonline.it\/index.php\/wp-json\/wp\/v2\/tags?post=215550"}],"curies":[{"name":"wp","href":"https:\/\/api.w.org\/{rel}","templated":true}]}}